{"id":11644,"date":"2023-04-03T15:02:10","date_gmt":"2023-04-03T13:02:10","guid":{"rendered":"https:\/\/pb.edu.pl\/bwm\/?p=11644"},"modified":"2023-04-03T15:02:10","modified_gmt":"2023-04-03T13:02:10","slug":"doktorant-wydzialu-mechanicznego-na-stazu-w-uniwersytecie-technicznym-w-chemnitz","status":"publish","type":"post","link":"https:\/\/pb.edu.pl\/iros\/2023\/04\/03\/doktorant-wydzialu-mechanicznego-na-stazu-w-uniwersytecie-technicznym-w-chemnitz\/","title":{"rendered":"Doktorant Wydzia\u0142u Mechanicznego na sta\u017cu w Uniwersytecie Technicznym w Chemnitz"},"content":{"rendered":"<p>W dniach 06.03-17.03.2023 doktorant Wydzia\u0142u Mechanicznego, mgr. in\u017c. Marcin \u017bukowski, uczestniczy\u0142 w sta\u017cu naukowym w Katedrze Neurorobotyki Uniwersytetu Technicznego w Chemnitz (TUC) w Niemczech pod przewodnictwem prof. Floriana R\u00f6hrbeina. Wizyta by\u0142a skupiona na dyskusji nad zakresem bada\u0144 doktoranta, kt\u00f3ry pracuje nad optymalizacj\u0105 algorytm\u00f3w dla autonomicznych robot\u00f3w mobilnych w \u015brodowisku szpitalnym.<\/p>\n<p>Korzystaj\u0105c z do\u015bwiadczenia pracownik\u00f3w i doktorant\u00f3w niekt\u00f3re problemy badawcze zosta\u0142y przedefiniowane. Przedyskutowano mo\u017cliwo\u015b\u0107 i zasadno\u015b\u0107 wykorzystania poszczeg\u00f3lnych osi\u0105gni\u0119\u0107 neurorobotyki do realizacji wybranych cel\u00f3w w ramach rozprawy doktorskiej. Podczas dyskusji nad tematyk\u0105 badawcz\u0105 doktorant pozna\u0142 techniki i narz\u0119dzia pomagaj\u0105ce w bardziej czytelnej i skutecznej prezentacji zagadnie\u0144 badawczych i wynik\u00f3w bada\u0144, w tym pracowa\u0142 nad mapami my\u015bli obrazuj\u0105cymi i systematyzuj\u0105cymi liczne aspekty prowadzonych bada\u0144. Mo\u017cliwo\u015b\u0107 obserwacji codziennej pracy zespo\u0142u profesora R\u00f6hrbeina zrodzi\u0142a wiele inspiracji, kt\u00f3re zostan\u0105 przedyskutowane w katedrze doktoranta. Ponadto doktorant mia\u0142 okazj\u0119 zapoznania si\u0119 z laboratoriami oraz aktualnymi pracami badawczymi realizowanymi w TUC.<\/p>\n<p>Doktorant zainicjowa\u0142 r\u00f3wnie\u017c grup\u0119 robocz\u0105 pomi\u0119dzy pracownikami, doktorantami i magistrantami Katedry Neurorobotyki TUC oraz Katedry Robotyki i Mechatroniki Politechniki Bia\u0142ostockiej w zakresie bada\u0144 nad wykorzystaniem sztucznych sieci neuronowych do diagnostyki i wsp\u00f3\u0142pracy autonomicznych robot\u00f3w mobilnych, w szczeg\u00f3lno\u015bci dron\u00f3w.<\/p>\n<p>Pod koniec wizyty w Chemnitz doktorant wzi\u0105\u0142 udzia\u0142 w konferencji naukowej \u201eHybrid Societies\u201d skupionej na interdyscyplinarnym podej\u015bciu do robotyki oraz autonomicznego transportu. Liczne prezentacje wywar\u0142y istotny wp\u0142yw na postrzeganie w\u0142asnej tematyki badawczej doktoranta, szczeg\u00f3lnie od strony etycznej i psychologii komunikacji cz\u0142owiek-robot. Doktorant nawi\u0105za\u0142 warto\u015bciowe kontakty, kt\u00f3re w przysz\u0142o\u015bci mog\u0105 przerodzi\u0107 si\u0119 we wsp\u00f3\u0142prac\u0119 nad publikacjami b\u0105d\u017a projektami badawczymi.<\/p>\n<div id='gallery-1' class='gallery galleryid-11644 gallery-columns-3 gallery-size-thumbnail'><figure class='gallery-item'>\n\t\t\t<div class='gallery-icon portrait'>\n\t\t\t\t<a href='https:\/\/pb.edu.pl\/iros\/wp-content\/uploads\/sites\/24\/2023\/04\/Robot-\u201ePepper-prezentujacy-program-konferencji-\u201eHybrid-Societies-fot.-M.-Zukowski-scaled.jpeg'><img loading=\"lazy\" decoding=\"async\" width=\"150\" height=\"150\" src=\"https:\/\/pb.edu.pl\/iros\/wp-content\/uploads\/sites\/24\/2023\/04\/Robot-\u201ePepper-prezentujacy-program-konferencji-\u201eHybrid-Societies-fot.-M.-Zukowski-150x150.jpeg\" class=\"attachment-thumbnail size-thumbnail\" alt=\"\" aria-describedby=\"gallery-1-11645\" \/><\/a>\n\t\t\t<\/div>\n\t\t\t\t<figcaption class='wp-caption-text gallery-caption' id='gallery-1-11645'>\n\t\t\t\tRobot \u201ePepper\u201d prezentuj\u0105cy program konferencji \u201eHybrid Societies\u201d, fot. M. \u017bukowski\n\t\t\t\t<\/figcaption><\/figure><figure class='gallery-item'>\n\t\t\t<div class='gallery-icon landscape'>\n\t\t\t\t<a href='https:\/\/pb.edu.pl\/iros\/wp-content\/uploads\/sites\/24\/2023\/04\/Doktorant-prezentujacy-tematyke-badawcza-na-cotygodniowym-spotkaniu-katedry-fot.-S.-Kaden-scaled.jpeg'><img loading=\"lazy\" decoding=\"async\" width=\"150\" height=\"150\" src=\"https:\/\/pb.edu.pl\/iros\/wp-content\/uploads\/sites\/24\/2023\/04\/Doktorant-prezentujacy-tematyke-badawcza-na-cotygodniowym-spotkaniu-katedry-fot.-S.-Kaden-150x150.jpeg\" class=\"attachment-thumbnail size-thumbnail\" alt=\"\" aria-describedby=\"gallery-1-11646\" \/><\/a>\n\t\t\t<\/div>\n\t\t\t\t<figcaption class='wp-caption-text gallery-caption' id='gallery-1-11646'>\n\t\t\t\tDoktorant prezentuj\u0105cy tematyk\u0119 badawcz\u0105 na cotygodniowym spotkaniu katedry, fot. S. Kaden\n\t\t\t\t<\/figcaption><\/figure><figure class='gallery-item'>\n\t\t\t<div class='gallery-icon landscape'>\n\t\t\t\t<a href='https:\/\/pb.edu.pl\/iros\/wp-content\/uploads\/sites\/24\/2023\/04\/Keynote-na-konferencji-\u201eHybrid-Societies-fot.-M.-Zukowski-scaled.jpeg'><img loading=\"lazy\" decoding=\"async\" width=\"150\" height=\"150\" src=\"https:\/\/pb.edu.pl\/iros\/wp-content\/uploads\/sites\/24\/2023\/04\/Keynote-na-konferencji-\u201eHybrid-Societies-fot.-M.-Zukowski-150x150.jpeg\" class=\"attachment-thumbnail size-thumbnail\" alt=\"\" aria-describedby=\"gallery-1-11647\" \/><\/a>\n\t\t\t<\/div>\n\t\t\t\t<figcaption class='wp-caption-text gallery-caption' id='gallery-1-11647'>\n\t\t\t\tKeynote na konferencji \u201eHybrid Societies\u201d, fot. M. \u017bukowski\n\t\t\t\t<\/figcaption><\/figure>\n\t\t<\/div>\n\n","protected":false},"excerpt":{"rendered":"<p>W dniach 06.03-17.03.2023 doktorant Wydzia\u0142u Mechanicznego, mgr. in\u017c. Marcin \u017bukowski, uczestniczy\u0142 w sta\u017cu naukowym w<\/p>\n","protected":false},"author":50,"featured_media":11645,"comment_status":"open","ping_status":"open","sticky":false,"template":"","format":"standard","meta":{"_acf_changed":false,"ngg_post_thumbnail":0,"footnotes":""},"categories":[14,10],"tags":[],"class_list":["post-11644","post","type-post","status-publish","format-standard","has-post-thumbnail","hentry","category-aktualnosci-bwm","category-prom-2019"],"acf":[],"_links":{"self":[{"href":"https:\/\/pb.edu.pl\/iros\/wp-json\/wp\/v2\/posts\/11644","targetHints":{"allow":["GET"]}}],"collection":[{"href":"https:\/\/pb.edu.pl\/iros\/wp-json\/wp\/v2\/posts"}],"about":[{"href":"https:\/\/pb.edu.pl\/iros\/wp-json\/wp\/v2\/types\/post"}],"author":[{"embeddable":true,"href":"https:\/\/pb.edu.pl\/iros\/wp-json\/wp\/v2\/users\/50"}],"replies":[{"embeddable":true,"href":"https:\/\/pb.edu.pl\/iros\/wp-json\/wp\/v2\/comments?post=11644"}],"version-history":[{"count":0,"href":"https:\/\/pb.edu.pl\/iros\/wp-json\/wp\/v2\/posts\/11644\/revisions"}],"wp:featuredmedia":[{"embeddable":true,"href":"https:\/\/pb.edu.pl\/iros\/wp-json\/wp\/v2\/media\/11645"}],"wp:attachment":[{"href":"https:\/\/pb.edu.pl\/iros\/wp-json\/wp\/v2\/media?parent=11644"}],"wp:term":[{"taxonomy":"category","embeddable":true,"href":"https:\/\/pb.edu.pl\/iros\/wp-json\/wp\/v2\/categories?post=11644"},{"taxonomy":"post_tag","embeddable":true,"href":"https:\/\/pb.edu.pl\/iros\/wp-json\/wp\/v2\/tags?post=11644"}],"curies":[{"name":"wp","href":"https:\/\/api.w.org\/{rel}","templated":true}]}}