{"id":2773,"date":"2026-01-12T11:00:59","date_gmt":"2026-01-12T10:00:59","guid":{"rendered":"https:\/\/pb.edu.pl\/inkubator\/?p=2773"},"modified":"2026-01-12T11:00:59","modified_gmt":"2026-01-12T10:00:59","slug":"kolejne-konsultacje-projektow-biznesowych-studentow-w-akademickim-inkubatorze-przedsiebiorczosci-pb","status":"publish","type":"post","link":"https:\/\/pb.edu.pl\/inkubator\/2026\/01\/12\/kolejne-konsultacje-projektow-biznesowych-studentow-w-akademickim-inkubatorze-przedsiebiorczosci-pb\/","title":{"rendered":"Kolejne konsultacje projekt\u00f3w biznesowych student\u00f3w w Akademickim Inkubatorze Przedsi\u0119biorczo\u015bci PB"},"content":{"rendered":"<p data-start=\"370\" data-end=\"716\">W Akademickim Inkubatorze Przedsi\u0119biorczo\u015bci Politechniki Bia\u0142ostockiej odby\u0142y si\u0119 kolejne <strong data-start=\"461\" data-end=\"503\">indywidualne konsultacje ze studentami<\/strong>, kt\u00f3rzy przekszta\u0142caj\u0105 w\u0142asne pomys\u0142y na projekty biznesowe. Spotkanie by\u0142o okazj\u0105 do merytorycznej dyskusji nad koncepcj\u0105 przedsi\u0119wzi\u0119cia oraz do pog\u0142\u0119bionej analizy mo\u017cliwo\u015bci jego dalszego rozwoju i komercjalizacji.<\/p>\n<p data-start=\"718\" data-end=\"1255\">Podczas konsultacji omawiany by\u0142 m.in. <strong data-start=\"758\" data-end=\"800\">model biznesowy zg\u0142aszanego projektu<\/strong>. Istotnym elementem spotkania by\u0142a r\u00f3wnie\u017c rozmowa na temat <strong data-start=\"961\" data-end=\"1018\">wsparcia, jakie oferuj\u0105 inkubatory przedsi\u0119biorczo\u015bci<\/strong>, zar\u00f3wno na etapie weryfikacji pomys\u0142u, jak i w fazie jego wdra\u017cania na rynek.&nbsp;<\/p>\n<p data-start=\"1257\" data-end=\"1652\">Du\u017c\u0105 cz\u0119\u015b\u0107 konsultacji po\u015bwi\u0119cono tak\u017ce <strong data-start=\"1297\" data-end=\"1360\">aktualnym mo\u017cliwo\u015bciom pozyskania finansowania zewn\u0119trznego<\/strong>, w szczeg\u00f3lno\u015bci dost\u0119pnym obecnie instrumentom dotacyjnym i programom wsparcia dla startup\u00f3w oraz m\u0142odych przedsi\u0119biorc\u00f3w. Uczestnicy spotkania otrzymali informacje na temat aktualnych konkurs\u00f3w, warunk\u00f3w aplikowania oraz dobrych praktyk zwi\u0105zanych z przygotowaniem wniosk\u00f3w o dofinansowanie.<\/p>\n<p data-start=\"2154\" data-end=\"2368\">Akademicki Inkubator Przedsi\u0119biorczo\u015bci PB zaprasza student\u00f3w zainteresowanych rozwojem w\u0142asnych inicjatyw biznesowych do udzia\u0142u w kolejnych konsultacjach i wydarzeniach wspieraj\u0105cych przedsi\u0119biorczo\u015b\u0107 akademick\u0105.<\/p>\n","protected":false},"excerpt":{"rendered":"<p>W Akademickim Inkubatorze Przedsi\u0119biorczo\u015bci Politechniki Bia\u0142ostockiej odby\u0142y si\u0119 kolejne indywidualne konsultacje ze studentami, kt\u00f3rzy przekszta\u0142caj\u0105<\/p>\n","protected":false},"author":189,"featured_media":2774,"comment_status":"closed","ping_status":"closed","sticky":false,"template":"","format":"standard","meta":{"_acf_changed":false,"ngg_post_thumbnail":0,"footnotes":""},"categories":[22],"tags":[],"class_list":["post-2773","post","type-post","status-publish","format-standard","has-post-thumbnail","hentry","category-home"],"acf":[],"_links":{"self":[{"href":"https:\/\/pb.edu.pl\/inkubator\/wp-json\/wp\/v2\/posts\/2773","targetHints":{"allow":["GET"]}}],"collection":[{"href":"https:\/\/pb.edu.pl\/inkubator\/wp-json\/wp\/v2\/posts"}],"about":[{"href":"https:\/\/pb.edu.pl\/inkubator\/wp-json\/wp\/v2\/types\/post"}],"author":[{"embeddable":true,"href":"https:\/\/pb.edu.pl\/inkubator\/wp-json\/wp\/v2\/users\/189"}],"replies":[{"embeddable":true,"href":"https:\/\/pb.edu.pl\/inkubator\/wp-json\/wp\/v2\/comments?post=2773"}],"version-history":[{"count":0,"href":"https:\/\/pb.edu.pl\/inkubator\/wp-json\/wp\/v2\/posts\/2773\/revisions"}],"wp:featuredmedia":[{"embeddable":true,"href":"https:\/\/pb.edu.pl\/inkubator\/wp-json\/wp\/v2\/media\/2774"}],"wp:attachment":[{"href":"https:\/\/pb.edu.pl\/inkubator\/wp-json\/wp\/v2\/media?parent=2773"}],"wp:term":[{"taxonomy":"category","embeddable":true,"href":"https:\/\/pb.edu.pl\/inkubator\/wp-json\/wp\/v2\/categories?post=2773"},{"taxonomy":"post_tag","embeddable":true,"href":"https:\/\/pb.edu.pl\/inkubator\/wp-json\/wp\/v2\/tags?post=2773"}],"curies":[{"name":"wp","href":"https:\/\/api.w.org\/{rel}","templated":true}]}}