{"id":2770,"date":"2026-01-08T14:30:33","date_gmt":"2026-01-08T13:30:33","guid":{"rendered":"https:\/\/pb.edu.pl\/inkubator\/?p=2770"},"modified":"2026-01-08T14:30:33","modified_gmt":"2026-01-08T13:30:33","slug":"wracamy-do-pracy-w-pelnych-obrotach-zapraszamy-na-kolejne-konsultacje-w-akademickim-inkubatorze-przedsiebiorczosci-pb","status":"publish","type":"post","link":"https:\/\/pb.edu.pl\/inkubator\/2026\/01\/08\/wracamy-do-pracy-w-pelnych-obrotach-zapraszamy-na-kolejne-konsultacje-w-akademickim-inkubatorze-przedsiebiorczosci-pb\/","title":{"rendered":"Wracamy do pracy w pe\u0142nych obrotach \u2013 zapraszamy na kolejne konsultacje w Akademickim Inkubatorze Przedsi\u0119biorczo\u015bci PB"},"content":{"rendered":"<p data-start=\"285\" data-end=\"647\">Akademicki Inkubator Przedsi\u0119biorczo\u015bci Politechniki Bia\u0142ostockiej wraca do pracy w pe\u0142nych obrotach i ponownie zaprasza student\u00f3w oraz doktorant\u00f3w do udzia\u0142u w indywidualnych konsultacjach biznesowych. To doskona\u0142a okazja, aby skonsultowa\u0107 swoje pomys\u0142y, om\u00f3wi\u0107 rozw\u00f3j projekt\u00f3w biznesowych oraz uzyska\u0107 profesjonalne wsparcie na wczesnym etapie ich realizacji.<\/p>\n<p data-start=\"649\" data-end=\"1006\">W ramach konsultacji doradzamy m.in. w zakresie mo\u017cliwo\u015bci pozyskiwania dotacji i innych \u017ar\u00f3de\u0142 finansowania, rozwoju i walidacji modeli biznesowych, planowania dalszych etap\u00f3w projektu oraz przygotowania do komercjalizacji innowacyjnych rozwi\u0105za\u0144. Spotkania prowadzone s\u0105 przez do\u015bwiadczonych ekspert\u00f3w, kt\u00f3rzy \u0142\u0105cz\u0105 wiedz\u0119 akademick\u0105 z praktyk\u0105 biznesow\u0105.<\/p>\n<p data-start=\"1008\" data-end=\"1214\">Zapraszamy wszystkich zainteresowanych do kontaktu i zapis\u00f3w na kolejne terminy konsultacji. Inkubator to przestrze\u0144, w kt\u00f3rej pomys\u0142y mog\u0105 nabra\u0107 realnych kszta\u0142t\u00f3w i zosta\u0107 przekute w konkretne dzia\u0142ania.<\/p>\n","protected":false},"excerpt":{"rendered":"<p>Akademicki Inkubator Przedsi\u0119biorczo\u015bci Politechniki Bia\u0142ostockiej wraca do pracy w pe\u0142nych obrotach i ponownie zaprasza student\u00f3w<\/p>\n","protected":false},"author":189,"featured_media":2595,"comment_status":"closed","ping_status":"closed","sticky":false,"template":"","format":"standard","meta":{"_acf_changed":false,"ngg_post_thumbnail":0,"footnotes":""},"categories":[22],"tags":[],"class_list":["post-2770","post","type-post","status-publish","format-standard","has-post-thumbnail","hentry","category-home"],"acf":[],"_links":{"self":[{"href":"https:\/\/pb.edu.pl\/inkubator\/wp-json\/wp\/v2\/posts\/2770","targetHints":{"allow":["GET"]}}],"collection":[{"href":"https:\/\/pb.edu.pl\/inkubator\/wp-json\/wp\/v2\/posts"}],"about":[{"href":"https:\/\/pb.edu.pl\/inkubator\/wp-json\/wp\/v2\/types\/post"}],"author":[{"embeddable":true,"href":"https:\/\/pb.edu.pl\/inkubator\/wp-json\/wp\/v2\/users\/189"}],"replies":[{"embeddable":true,"href":"https:\/\/pb.edu.pl\/inkubator\/wp-json\/wp\/v2\/comments?post=2770"}],"version-history":[{"count":0,"href":"https:\/\/pb.edu.pl\/inkubator\/wp-json\/wp\/v2\/posts\/2770\/revisions"}],"wp:featuredmedia":[{"embeddable":true,"href":"https:\/\/pb.edu.pl\/inkubator\/wp-json\/wp\/v2\/media\/2595"}],"wp:attachment":[{"href":"https:\/\/pb.edu.pl\/inkubator\/wp-json\/wp\/v2\/media?parent=2770"}],"wp:term":[{"taxonomy":"category","embeddable":true,"href":"https:\/\/pb.edu.pl\/inkubator\/wp-json\/wp\/v2\/categories?post=2770"},{"taxonomy":"post_tag","embeddable":true,"href":"https:\/\/pb.edu.pl\/inkubator\/wp-json\/wp\/v2\/tags?post=2770"}],"curies":[{"name":"wp","href":"https:\/\/api.w.org\/{rel}","templated":true}]}}