{"id":132866,"date":"2025-02-27T10:23:44","date_gmt":"2025-02-27T09:23:44","guid":{"rendered":"https:\/\/pb.edu.pl\/2025\/02\/27\/politechnika-bialostocka-organizuje-erasmus-days-wiosenna-edycja-3-5-marca-2025\/"},"modified":"2025-02-28T11:22:03","modified_gmt":"2025-02-28T10:22:03","slug":"bialystok-university-of-technology-organises-erasmus-days-spring-edition-3-5-march-2025","status":"publish","type":"post","link":"https:\/\/pb.edu.pl\/en\/2025\/02\/27\/bialystok-university-of-technology-organises-erasmus-days-spring-edition-3-5-march-2025\/","title":{"rendered":"Bialystok University of Technology organises Erasmus Days \u2013 spring edition 3-5 March 2025"},"content":{"rendered":"<div class=\"h3\">Bialystok University of Technology is organising the spring edition of Erasmus Days. Students will explore the opportunity to study abroad for one or two semesters under the Erasmus+ programme. Information sessions at the largest technical university in north-eastern Poland will take place from 3 to 5 March 2025.<\/div>\n<div style=\"clear: both\">&nbsp;<\/div>\n<p>Bialystok University of Technology ranks among the top Polish universities in terms of student mobility. It has as many as 347 agreements with partner universities under Erasmus+ programme.<\/p>\n<p>Students of Bialystok University of Technology will have access to comprehensive information about the ABC of recruitment for studies abroad, study abroad opportunities under the Erasmus+ programme, first-hand experiences from students who have studied abroad. All of these are scheduled for 3-5 March 2025. During Erasmus Days, each faculty will hold information sessions, where students can meet their faculty Erasmus+ coordinators who can assist them in establishing contact with foreign universities.<\/p>\n<p>Programme Highlights:<\/p>\n<ul>\n<li>meet students who have participated in international exchanges \u2013 their experiences and insights<\/li>\n<li>discover Erasmus+ mobility opportunities \u2013 learn how the application process works and how simple it is<\/li>\n<li>find out about recruitment for international studies in the winter semester of 2025\/2026<\/li>\n<\/ul>\n<p>Studying abroad through Erasmus+ is a life-changing adventure, offering the chance to learn in an international environment. It provides valuable experience, enhancing employability and professional mobility. BUT students eagerly seize the opportunity to study abroad. The most popular destinations include: Portugal, Spain, Italy, Greece.<\/p>\n<p><strong>Detailed Faculty Schedule for Erasmus Days:<\/strong><\/p>\n<p><strong>Monday 03.03.2025<\/strong><\/p>\n<ul>\n<li><strong><a href=\"https:\/\/wi.pb.edu.pl\/en\/\">Faculty of Computer Science<\/a> &#8211; Information stand: 9:00-11:30, Presentation: 9:00, assembly hall B5<\/strong><\/li>\n<li><strong><a href=\"https:\/\/wa.pb.edu.pl\/en\/\">Faculty of Architecture<\/a> \u2013 Information stand: 12:00-14:30<\/strong><\/li>\n<\/ul>\n<p><strong>Tuesday 04.03.2025<\/strong><\/p>\n<ul>\n<li><strong><a href=\"https:\/\/wb.pb.edu.pl\/en\/\">Faculty of Civil Engineering and Environmental Sciences<\/a> \u2013 Information stand: 9:00-11:30<\/strong><\/li>\n<li><strong><a href=\"https:\/\/wiz.pb.edu.pl\/en\/\">Faculty of Engineering Management<\/a> \u2013 Information stand: 12:00-14:30, Presentation: 13:15, room 18 KB.<\/strong><\/li>\n<\/ul>\n<p><strong>Wednesday 05.03.2025<\/strong><\/p>\n<ul>\n<li><strong><a href=\"https:\/\/we.pb.edu.pl\/en\/\">Faculty of Electrical Engineering<\/a> &#8211; Information stand: 9:00-11:30, Presentation: 09:15, room WE-030.<\/strong><\/li>\n<li><strong><a href=\"https:\/\/wm.pb.edu.pl\/en\/\">Faculty of Mechanical Engineering<\/a> \u2013 Information stand: 12:00-14:30, Presentation: 12:20, assembly hall 449<\/strong><\/li>\n<\/ul>\n<p>Studying at Bialystok University of Technology opens doors to global career opportunities. Students have the opportunity to study in another country, do traineeships abroad, learn foreign languages, develop a network of foreign contacts, but above all to obtain a double diploma \u2013 form their home university and one of 21 international universities. This is a great asset for a professional CV and future engineering career.<\/p>\n<p>Implementing its internationalisation strategy, Bialystok University of Technology is developing cooperation with countries with which it has educational partnerships. This is facilitated by such projects as Erasmus Days or International Training Week.<\/p>\n<p>Furthermore, as the only university in the region, BUT is part of the European University Across \u2013 \u2018European University for Cross-Border Knowledge Sharing\u2019 \u2013 in collaboration with partner universities from eight European countries.<\/p>\n<p><a href=\"https:\/\/pb.edu.pl\/iros\/en\/\">Erasmus Days are organised by International Relations Offices at Bialystok University of Technology<\/a><\/p>\n<p>by mz<\/p>\n","protected":false},"excerpt":{"rendered":"<p>Bialystok University of Technology is organising the spring edition of Erasmus Days. Students will explore the opportunity to study abroad for one or two semesters under the Erasmus+ programme. Information&#8230;<\/p>\n","protected":false},"author":110,"featured_media":132855,"comment_status":"closed","ping_status":"closed","sticky":false,"template":"","format":"standard","meta":{"_acf_changed":false,"ngg_post_thumbnail":0,"footnotes":""},"categories":[1059],"tags":[],"class_list":["post-132866","post","type-post","status-publish","format-standard","has-post-thumbnail","hentry","category-home"],"acf":[],"yoast_head":"<!-- This site is optimized with the Yoast SEO plugin v27.0 - https:\/\/yoast.com\/product\/yoast-seo-wordpress\/ -->\n<title>Politechnika Bia\u0142ostocka organizuje Erasmus Days 3-5 marca 2025<\/title>\n<meta name=\"description\" content=\"Politechnika Bia\u0142ostocka organizuje wiosenne Erasmus Days. Studenci poznaj\u0105 mo\u017cliwo\u015bci studi\u00f3w zagranicznych w ramach programu Erasmus+ na 6 Wydzia\u0142ach uczelni!\" \/>\n<meta name=\"robots\" content=\"index, follow, max-snippet:-1, max-image-preview:large, max-video-preview:-1\" \/>\n<link rel=\"canonical\" href=\"https:\/\/pb.edu.pl\/en\/2025\/02\/27\/bialystok-university-of-technology-organises-erasmus-days-spring-edition-3-5-march-2025\/\" \/>\n<meta property=\"og:locale\" content=\"en_US\" \/>\n<meta property=\"og:type\" content=\"article\" \/>\n<meta property=\"og:title\" content=\"Politechnika Bia\u0142ostocka organizuje Erasmus Days 3-5 marca 2025\" \/>\n<meta property=\"og:description\" content=\"Politechnika Bia\u0142ostocka organizuje wiosenne Erasmus Days. Studenci poznaj\u0105 mo\u017cliwo\u015bci studi\u00f3w zagranicznych w ramach programu Erasmus+ na 6 Wydzia\u0142ach uczelni!\" \/>\n<meta property=\"og:url\" content=\"https:\/\/pb.edu.pl\/en\/2025\/02\/27\/bialystok-university-of-technology-organises-erasmus-days-spring-edition-3-5-march-2025\/\" \/>\n<meta property=\"og:site_name\" content=\"Bialystok University of Technology\" \/>\n<meta property=\"article:published_time\" content=\"2025-02-27T09:23:44+00:00\" \/>\n<meta property=\"article:modified_time\" content=\"2025-02-28T10:22:03+00:00\" \/>\n<meta property=\"og:image\" content=\"https:\/\/pb.edu.pl\/wp-content\/uploads\/2025\/01\/2025-02-Erasmus-Days-1080x675px-ENG.jpg\" \/>\n\t<meta property=\"og:image:width\" content=\"1080\" \/>\n\t<meta property=\"og:image:height\" content=\"675\" \/>\n\t<meta property=\"og:image:type\" content=\"image\/jpeg\" \/>\n<meta name=\"author\" content=\"mzajkowska\" \/>\n<meta name=\"twitter:label1\" content=\"Written by\" \/>\n\t<meta name=\"twitter:data1\" content=\"mzajkowska\" \/>\n\t<meta name=\"twitter:label2\" content=\"Est. reading time\" \/>\n\t<meta name=\"twitter:data2\" content=\"3 minutes\" \/>\n<script type=\"application\/ld+json\" class=\"yoast-schema-graph\">{\"@context\":\"https:\/\/schema.org\",\"@graph\":[{\"@type\":\"Article\",\"@id\":\"https:\/\/pb.edu.pl\/en\/2025\/02\/27\/bialystok-university-of-technology-organises-erasmus-days-spring-edition-3-5-march-2025\/#article\",\"isPartOf\":{\"@id\":\"https:\/\/pb.edu.pl\/en\/2025\/02\/27\/bialystok-university-of-technology-organises-erasmus-days-spring-edition-3-5-march-2025\/\"},\"author\":{\"name\":\"mzajkowska\",\"@id\":\"https:\/\/pb.edu.pl\/en\/#\/schema\/person\/510390f00a87cb7ca54dbf2f628d8de7\"},\"headline\":\"Bialystok University of Technology organises Erasmus Days \u2013 spring edition 3-5 March 2025\",\"datePublished\":\"2025-02-27T09:23:44+00:00\",\"dateModified\":\"2025-02-28T10:22:03+00:00\",\"mainEntityOfPage\":{\"@id\":\"https:\/\/pb.edu.pl\/en\/2025\/02\/27\/bialystok-university-of-technology-organises-erasmus-days-spring-edition-3-5-march-2025\/\"},\"wordCount\":448,\"publisher\":{\"@id\":\"https:\/\/pb.edu.pl\/en\/#organization\"},\"image\":{\"@id\":\"https:\/\/pb.edu.pl\/en\/2025\/02\/27\/bialystok-university-of-technology-organises-erasmus-days-spring-edition-3-5-march-2025\/#primaryimage\"},\"thumbnailUrl\":\"https:\/\/pb.edu.pl\/wp-content\/uploads\/2025\/01\/2025-02-Erasmus-Days-1080x675px-ENG.jpg\",\"articleSection\":[\"home\"],\"inLanguage\":\"en-US\"},{\"@type\":\"WebPage\",\"@id\":\"https:\/\/pb.edu.pl\/en\/2025\/02\/27\/bialystok-university-of-technology-organises-erasmus-days-spring-edition-3-5-march-2025\/\",\"url\":\"https:\/\/pb.edu.pl\/en\/2025\/02\/27\/bialystok-university-of-technology-organises-erasmus-days-spring-edition-3-5-march-2025\/\",\"name\":\"Politechnika Bia\u0142ostocka organizuje Erasmus Days 3-5 marca 2025\",\"isPartOf\":{\"@id\":\"https:\/\/pb.edu.pl\/en\/#website\"},\"primaryImageOfPage\":{\"@id\":\"https:\/\/pb.edu.pl\/en\/2025\/02\/27\/bialystok-university-of-technology-organises-erasmus-days-spring-edition-3-5-march-2025\/#primaryimage\"},\"image\":{\"@id\":\"https:\/\/pb.edu.pl\/en\/2025\/02\/27\/bialystok-university-of-technology-organises-erasmus-days-spring-edition-3-5-march-2025\/#primaryimage\"},\"thumbnailUrl\":\"https:\/\/pb.edu.pl\/wp-content\/uploads\/2025\/01\/2025-02-Erasmus-Days-1080x675px-ENG.jpg\",\"datePublished\":\"2025-02-27T09:23:44+00:00\",\"dateModified\":\"2025-02-28T10:22:03+00:00\",\"description\":\"Politechnika Bia\u0142ostocka organizuje wiosenne Erasmus Days. Studenci poznaj\u0105 mo\u017cliwo\u015bci studi\u00f3w zagranicznych w ramach programu Erasmus+ na 6 Wydzia\u0142ach uczelni!\",\"breadcrumb\":{\"@id\":\"https:\/\/pb.edu.pl\/en\/2025\/02\/27\/bialystok-university-of-technology-organises-erasmus-days-spring-edition-3-5-march-2025\/#breadcrumb\"},\"inLanguage\":\"en-US\",\"potentialAction\":[{\"@type\":\"ReadAction\",\"target\":[\"https:\/\/pb.edu.pl\/en\/2025\/02\/27\/bialystok-university-of-technology-organises-erasmus-days-spring-edition-3-5-march-2025\/\"]}]},{\"@type\":\"ImageObject\",\"inLanguage\":\"en-US\",\"@id\":\"https:\/\/pb.edu.pl\/en\/2025\/02\/27\/bialystok-university-of-technology-organises-erasmus-days-spring-edition-3-5-march-2025\/#primaryimage\",\"url\":\"https:\/\/pb.edu.pl\/wp-content\/uploads\/2025\/01\/2025-02-Erasmus-Days-1080x675px-ENG.jpg\",\"contentUrl\":\"https:\/\/pb.edu.pl\/wp-content\/uploads\/2025\/01\/2025-02-Erasmus-Days-1080x675px-ENG.jpg\",\"width\":1080,\"height\":675},{\"@type\":\"BreadcrumbList\",\"@id\":\"https:\/\/pb.edu.pl\/en\/2025\/02\/27\/bialystok-university-of-technology-organises-erasmus-days-spring-edition-3-5-march-2025\/#breadcrumb\",\"itemListElement\":[{\"@type\":\"ListItem\",\"position\":1,\"name\":\"Home\",\"item\":\"https:\/\/pb.edu.pl\/en\/\"},{\"@type\":\"ListItem\",\"position\":2,\"name\":\"Bialystok University of Technology organises Erasmus Days \u2013 spring edition 3-5 March 2025\"}]},{\"@type\":\"WebSite\",\"@id\":\"https:\/\/pb.edu.pl\/en\/#website\",\"url\":\"https:\/\/pb.edu.pl\/en\/\",\"name\":\"Bialystok University of Technology\",\"description\":\"\",\"publisher\":{\"@id\":\"https:\/\/pb.edu.pl\/en\/#organization\"},\"potentialAction\":[{\"@type\":\"SearchAction\",\"target\":{\"@type\":\"EntryPoint\",\"urlTemplate\":\"https:\/\/pb.edu.pl\/en\/?s={search_term_string}\"},\"query-input\":{\"@type\":\"PropertyValueSpecification\",\"valueRequired\":true,\"valueName\":\"search_term_string\"}}],\"inLanguage\":\"en-US\"},{\"@type\":\"Organization\",\"@id\":\"https:\/\/pb.edu.pl\/en\/#organization\",\"name\":\"Bialystok University of Technology\",\"url\":\"https:\/\/pb.edu.pl\/en\/\",\"logo\":{\"@type\":\"ImageObject\",\"inLanguage\":\"en-US\",\"@id\":\"https:\/\/pb.edu.pl\/en\/#\/schema\/logo\/image\/\",\"url\":\"https:\/\/pb.edu.pl\/wp-content\/uploads\/2026\/02\/logo_pb.svg\",\"contentUrl\":\"https:\/\/pb.edu.pl\/wp-content\/uploads\/2026\/02\/logo_pb.svg\",\"caption\":\"Bialystok University of Technology\"},\"image\":{\"@id\":\"https:\/\/pb.edu.pl\/en\/#\/schema\/logo\/image\/\"}},{\"@type\":\"Person\",\"@id\":\"https:\/\/pb.edu.pl\/en\/#\/schema\/person\/510390f00a87cb7ca54dbf2f628d8de7\",\"name\":\"mzajkowska\",\"image\":{\"@type\":\"ImageObject\",\"inLanguage\":\"en-US\",\"@id\":\"https:\/\/pb.edu.pl\/en\/#\/schema\/person\/image\/\",\"url\":\"https:\/\/secure.gravatar.com\/avatar\/5f0ad774ba02e40b696f628a7293093a34ce4ee21995e2caa322f6716d8e3733?s=96&d=mm&r=g\",\"contentUrl\":\"https:\/\/secure.gravatar.com\/avatar\/5f0ad774ba02e40b696f628a7293093a34ce4ee21995e2caa322f6716d8e3733?s=96&d=mm&r=g\",\"caption\":\"mzajkowska\"}}]}<\/script>\n<!-- \/ Yoast SEO plugin. -->","yoast_head_json":{"title":"Politechnika Bia\u0142ostocka organizuje Erasmus Days 3-5 marca 2025","description":"Politechnika Bia\u0142ostocka organizuje wiosenne Erasmus Days. Studenci poznaj\u0105 mo\u017cliwo\u015bci studi\u00f3w zagranicznych w ramach programu Erasmus+ na 6 Wydzia\u0142ach uczelni!","robots":{"index":"index","follow":"follow","max-snippet":"max-snippet:-1","max-image-preview":"max-image-preview:large","max-video-preview":"max-video-preview:-1"},"canonical":"https:\/\/pb.edu.pl\/en\/2025\/02\/27\/bialystok-university-of-technology-organises-erasmus-days-spring-edition-3-5-march-2025\/","og_locale":"en_US","og_type":"article","og_title":"Politechnika Bia\u0142ostocka organizuje Erasmus Days 3-5 marca 2025","og_description":"Politechnika Bia\u0142ostocka organizuje wiosenne Erasmus Days. Studenci poznaj\u0105 mo\u017cliwo\u015bci studi\u00f3w zagranicznych w ramach programu Erasmus+ na 6 Wydzia\u0142ach uczelni!","og_url":"https:\/\/pb.edu.pl\/en\/2025\/02\/27\/bialystok-university-of-technology-organises-erasmus-days-spring-edition-3-5-march-2025\/","og_site_name":"Bialystok University of Technology","article_published_time":"2025-02-27T09:23:44+00:00","article_modified_time":"2025-02-28T10:22:03+00:00","og_image":[{"width":1080,"height":675,"url":"https:\/\/pb.edu.pl\/wp-content\/uploads\/2025\/01\/2025-02-Erasmus-Days-1080x675px-ENG.jpg","type":"image\/jpeg"}],"author":"mzajkowska","twitter_misc":{"Written by":"mzajkowska","Est. reading time":"3 minutes"},"schema":{"@context":"https:\/\/schema.org","@graph":[{"@type":"Article","@id":"https:\/\/pb.edu.pl\/en\/2025\/02\/27\/bialystok-university-of-technology-organises-erasmus-days-spring-edition-3-5-march-2025\/#article","isPartOf":{"@id":"https:\/\/pb.edu.pl\/en\/2025\/02\/27\/bialystok-university-of-technology-organises-erasmus-days-spring-edition-3-5-march-2025\/"},"author":{"name":"mzajkowska","@id":"https:\/\/pb.edu.pl\/en\/#\/schema\/person\/510390f00a87cb7ca54dbf2f628d8de7"},"headline":"Bialystok University of Technology organises Erasmus Days \u2013 spring edition 3-5 March 2025","datePublished":"2025-02-27T09:23:44+00:00","dateModified":"2025-02-28T10:22:03+00:00","mainEntityOfPage":{"@id":"https:\/\/pb.edu.pl\/en\/2025\/02\/27\/bialystok-university-of-technology-organises-erasmus-days-spring-edition-3-5-march-2025\/"},"wordCount":448,"publisher":{"@id":"https:\/\/pb.edu.pl\/en\/#organization"},"image":{"@id":"https:\/\/pb.edu.pl\/en\/2025\/02\/27\/bialystok-university-of-technology-organises-erasmus-days-spring-edition-3-5-march-2025\/#primaryimage"},"thumbnailUrl":"https:\/\/pb.edu.pl\/wp-content\/uploads\/2025\/01\/2025-02-Erasmus-Days-1080x675px-ENG.jpg","articleSection":["home"],"inLanguage":"en-US"},{"@type":"WebPage","@id":"https:\/\/pb.edu.pl\/en\/2025\/02\/27\/bialystok-university-of-technology-organises-erasmus-days-spring-edition-3-5-march-2025\/","url":"https:\/\/pb.edu.pl\/en\/2025\/02\/27\/bialystok-university-of-technology-organises-erasmus-days-spring-edition-3-5-march-2025\/","name":"Politechnika Bia\u0142ostocka organizuje Erasmus Days 3-5 marca 2025","isPartOf":{"@id":"https:\/\/pb.edu.pl\/en\/#website"},"primaryImageOfPage":{"@id":"https:\/\/pb.edu.pl\/en\/2025\/02\/27\/bialystok-university-of-technology-organises-erasmus-days-spring-edition-3-5-march-2025\/#primaryimage"},"image":{"@id":"https:\/\/pb.edu.pl\/en\/2025\/02\/27\/bialystok-university-of-technology-organises-erasmus-days-spring-edition-3-5-march-2025\/#primaryimage"},"thumbnailUrl":"https:\/\/pb.edu.pl\/wp-content\/uploads\/2025\/01\/2025-02-Erasmus-Days-1080x675px-ENG.jpg","datePublished":"2025-02-27T09:23:44+00:00","dateModified":"2025-02-28T10:22:03+00:00","description":"Politechnika Bia\u0142ostocka organizuje wiosenne Erasmus Days. Studenci poznaj\u0105 mo\u017cliwo\u015bci studi\u00f3w zagranicznych w ramach programu Erasmus+ na 6 Wydzia\u0142ach uczelni!","breadcrumb":{"@id":"https:\/\/pb.edu.pl\/en\/2025\/02\/27\/bialystok-university-of-technology-organises-erasmus-days-spring-edition-3-5-march-2025\/#breadcrumb"},"inLanguage":"en-US","potentialAction":[{"@type":"ReadAction","target":["https:\/\/pb.edu.pl\/en\/2025\/02\/27\/bialystok-university-of-technology-organises-erasmus-days-spring-edition-3-5-march-2025\/"]}]},{"@type":"ImageObject","inLanguage":"en-US","@id":"https:\/\/pb.edu.pl\/en\/2025\/02\/27\/bialystok-university-of-technology-organises-erasmus-days-spring-edition-3-5-march-2025\/#primaryimage","url":"https:\/\/pb.edu.pl\/wp-content\/uploads\/2025\/01\/2025-02-Erasmus-Days-1080x675px-ENG.jpg","contentUrl":"https:\/\/pb.edu.pl\/wp-content\/uploads\/2025\/01\/2025-02-Erasmus-Days-1080x675px-ENG.jpg","width":1080,"height":675},{"@type":"BreadcrumbList","@id":"https:\/\/pb.edu.pl\/en\/2025\/02\/27\/bialystok-university-of-technology-organises-erasmus-days-spring-edition-3-5-march-2025\/#breadcrumb","itemListElement":[{"@type":"ListItem","position":1,"name":"Home","item":"https:\/\/pb.edu.pl\/en\/"},{"@type":"ListItem","position":2,"name":"Bialystok University of Technology organises Erasmus Days \u2013 spring edition 3-5 March 2025"}]},{"@type":"WebSite","@id":"https:\/\/pb.edu.pl\/en\/#website","url":"https:\/\/pb.edu.pl\/en\/","name":"Bialystok University of Technology","description":"","publisher":{"@id":"https:\/\/pb.edu.pl\/en\/#organization"},"potentialAction":[{"@type":"SearchAction","target":{"@type":"EntryPoint","urlTemplate":"https:\/\/pb.edu.pl\/en\/?s={search_term_string}"},"query-input":{"@type":"PropertyValueSpecification","valueRequired":true,"valueName":"search_term_string"}}],"inLanguage":"en-US"},{"@type":"Organization","@id":"https:\/\/pb.edu.pl\/en\/#organization","name":"Bialystok University of Technology","url":"https:\/\/pb.edu.pl\/en\/","logo":{"@type":"ImageObject","inLanguage":"en-US","@id":"https:\/\/pb.edu.pl\/en\/#\/schema\/logo\/image\/","url":"https:\/\/pb.edu.pl\/wp-content\/uploads\/2026\/02\/logo_pb.svg","contentUrl":"https:\/\/pb.edu.pl\/wp-content\/uploads\/2026\/02\/logo_pb.svg","caption":"Bialystok University of Technology"},"image":{"@id":"https:\/\/pb.edu.pl\/en\/#\/schema\/logo\/image\/"}},{"@type":"Person","@id":"https:\/\/pb.edu.pl\/en\/#\/schema\/person\/510390f00a87cb7ca54dbf2f628d8de7","name":"mzajkowska","image":{"@type":"ImageObject","inLanguage":"en-US","@id":"https:\/\/pb.edu.pl\/en\/#\/schema\/person\/image\/","url":"https:\/\/secure.gravatar.com\/avatar\/5f0ad774ba02e40b696f628a7293093a34ce4ee21995e2caa322f6716d8e3733?s=96&d=mm&r=g","contentUrl":"https:\/\/secure.gravatar.com\/avatar\/5f0ad774ba02e40b696f628a7293093a34ce4ee21995e2caa322f6716d8e3733?s=96&d=mm&r=g","caption":"mzajkowska"}}]}},"_links":{"self":[{"href":"https:\/\/pb.edu.pl\/en\/wp-json\/wp\/v2\/posts\/132866","targetHints":{"allow":["GET"]}}],"collection":[{"href":"https:\/\/pb.edu.pl\/en\/wp-json\/wp\/v2\/posts"}],"about":[{"href":"https:\/\/pb.edu.pl\/en\/wp-json\/wp\/v2\/types\/post"}],"author":[{"embeddable":true,"href":"https:\/\/pb.edu.pl\/en\/wp-json\/wp\/v2\/users\/110"}],"replies":[{"embeddable":true,"href":"https:\/\/pb.edu.pl\/en\/wp-json\/wp\/v2\/comments?post=132866"}],"version-history":[{"count":0,"href":"https:\/\/pb.edu.pl\/en\/wp-json\/wp\/v2\/posts\/132866\/revisions"}],"wp:featuredmedia":[{"embeddable":true,"href":"https:\/\/pb.edu.pl\/en\/wp-json\/wp\/v2\/media\/132855"}],"wp:attachment":[{"href":"https:\/\/pb.edu.pl\/en\/wp-json\/wp\/v2\/media?parent=132866"}],"wp:term":[{"taxonomy":"category","embeddable":true,"href":"https:\/\/pb.edu.pl\/en\/wp-json\/wp\/v2\/categories?post=132866"},{"taxonomy":"post_tag","embeddable":true,"href":"https:\/\/pb.edu.pl\/en\/wp-json\/wp\/v2\/tags?post=132866"}],"curies":[{"name":"wp","href":"https:\/\/api.w.org\/{rel}","templated":true}]}}