{"id":117466,"date":"2024-07-04T15:36:54","date_gmt":"2024-07-04T13:36:54","guid":{"rendered":"https:\/\/pb.edu.pl\/2024\/07\/04\/prorektorzy-i-dziekani-wydzialow-politechniki-bialostockiej-w-kadencji-2024-2028\/"},"modified":"2024-07-09T15:50:49","modified_gmt":"2024-07-09T13:50:49","slug":"vice-rectors-and-deans-of-bialystok-university-of-technology-for-the-2024-2028-term","status":"publish","type":"post","link":"https:\/\/pb.edu.pl\/en\/2024\/07\/04\/vice-rectors-and-deans-of-bialystok-university-of-technology-for-the-2024-2028-term\/","title":{"rendered":"Vice-Rectors and Deans of Bialystok University of Technology for the 2024-2028 Term"},"content":{"rendered":"<div class=\"h3\">Assoc. Prof. Marta Kosior-Kazberuk, DSc, PhD, Eng, Rector of Bialystok University of Technology, has appointed the vice-rectors and deans of the faculties for the 2024-2028 term.<\/div>\n<div>&nbsp;<\/div>\n<div>&nbsp;<\/div>\n<div>&nbsp;<\/div>\n<p>Assoc. Prof. Marta Kosior-Kazberuk, DSc, PhD, Eng, Rector of Bialystok University of Technology, appointed the vice-rectors for the 2024-2028 term during a meeting held on 4 July 2024, in the conference hall of the rectorate. She had previously introduced their profiles and sought the University Council&#8217;s opinion.<\/p>\n<p>&nbsp;<\/p>\n<p><em>&#8211; I am counting on good and intensive cooperation in implementing the Development Strategy of Bialystok University of Technology for the benefit of our University, which is developing very well \u2013<\/em> says Assoc. Prof. Marta Kosior-Kazberuk, DSc, PhD, Eng, Rector of Bialystok University of Technology. <em>&#8211; Together, we will take care of the University\u2019s staff, students, and doctoral students, ensuring everyone feels good, has their place, and has full opportunities for development.<\/em><\/p>\n<p><em>&#8211; I will be responsible for acquiring and implementing international projects, particularly those oriented towards cooperation with the national economy, as well as national projects, including those carried out in consortia with industry \u2013 <\/em>Assoc. Prof. Miros\u0142aw \u015awiercz, DSc, PhD, Eng, Vice-Rector for Development of Bialystok University of Technology. <em>\u2013 We will focus on expanding the university&#8217;s potential and transferring the results of our work to industry. This will provide additional funds for the University, supplementing the subsidy<\/em><\/p>\n<p>The primary task of Prof. Marek Kr\u0119towski, Vice-Rector for Research, is the evaluation of the University.<\/p>\n<p><em>&#8211; I hope we can improve our results \u2013<\/em> says Prof. Kr\u0119towski.<\/p>\n<p>Bialystok University of Technology continues to modernise the quality of education.<\/p>\n<p><em>&#8211; My main goal is to refresh the educational offer at our university \u2013<\/em> declares Assoc. Prof. Katarzyna Halicka, DSc, PhD, Eng, Vice-Rector for Education. <em>&#8211; I also want to demystify the concept of educational quality so that it is not just associated with filling out spreadsheets by academic staff, but that everyone knows it is important to us. The most important thing is to work together with people and all the teams at the University to build modern education<\/em><\/p>\n<p>Assoc. Prof. Dorota Krawczyk, DSc, PhD, Eng, Vice-Rector for International Cooperation, declares further development of the University&#8217;s nationwide visibility in terms of internationalisation.<\/p>\n<p><em>&#8211; A new challenge is the creation of a completely new consortium at the level of a European university in collaboration with eight other universities from across Europe \u2013<\/em> says Prof. Krawczyk. &#8211; <em>This will bring a new quality in education, research, and cooperation between universities<\/em><\/p>\n<p>Assoc. Prof. Jacek \u017bmojda, DSc, PhD, Eng, has been appointed Vice-Rector for Student Affairs at Bialystok University of Technology.<\/p>\n<p><em>&#8211; I want to work with students and act as a bridge between their needs and the University&#8217;s capabilities \u2013<\/em> declares Prof. \u017bmojda. <em>&#8211; I am thinking about increasing motivation for studying. Students should not be afraid of studying or the University&#8217;s staff. We are here to help them believe in their strengths, achieve their goals, and meet the learning outcomes defined by our University. I plan to create a university-wide platform or network for cooperation among students from different faculties, so they can support each other, form an academic community, and be competitive in the job market.<\/em><\/p>\n<div class=\"row\">\n<div class=\"col-sm-4\">&nbsp;<\/div>\n<div class=\"col-sm-4\">&nbsp;<\/div>\n<div class=\"col-sm-4\">&nbsp;<\/div>\n<\/div>\n<p>Vice-Rectors of Bialystok University of Technology for the 2024-2028 Term:<\/p>\n<ul>\n<li>Assoc. Prof. Miros\u0142aw \u015awiercz, DSc, PhD, Eng \u2013 Vice-Rector for Development<\/li>\n<li>Prof. Marek Kr\u0119towski \u2013 Vice-Rector for Research<\/li>\n<li>Assoc. Prof. Katarzyna Halicka, DSc, PhD, Eng \u2013 Vice-Rector for Education<\/li>\n<li>Assoc. Prof. Dorota Krawczyk, DSc, PhD, Eng \u2013 Vice-Rector for International Cooperation<\/li>\n<li>Assoc. Prof. Jacek \u017bmojda, DSc, PhD, Eng \u2013 Vice-Rector for Student Affairs<\/li>\n<\/ul>\n<p>Assoc. Prof. Tatiana Misijuk, DSc, PhD, Eng, Arch., Dean of the Faculty of Architecture, plans to enhance the quality of teaching, enrich the curriculum, modernise programmes, and advance the professional qualifications and scientific development of the staff.<\/p>\n<p><em>&#8211; We are considering launching a second-degree programme in graphic design \u2013<\/em> adds Prof. Misijuk. \u2013 <em>My task is also to take care of students and their development, both mentally and physically<\/em><\/p>\n<p>The Dean of the Faculty of Civil Engineering and Environmental Sciences is already thinking about consolidating the Faculty.<\/p>\n<p><em>&#8211; We have three buildings at 45 Wiejska Street and another research building in Hajn\u00f3wka, and operating costs are soaring \u2013<\/em> notes Prof. Bo\u0142tryk <em>&#8211; We will have to find savings, including in operating costs. We are very strong staff-wise, particularly in the number of habilitated doctors. We have 70 professors and 100 assistant professors. From October, we will start a titanic effort to further improve the quality of the three indicators considered in the evaluation of at least two disciplines to category A. This is within our reach; we are performing better in terms of grants and publications. We still need to work on indicator K3, which assesses the impact of research and science on the socio-economic environment, and we have a lot to do here<\/em><\/p>\n<p><em>This academic year, we are launching three new study programmes, signing agreements with German and Estonian universities for dual degrees. We will significantly increase the number of international students. Currently, we have about 350 international students, which gives our Faculty the top spot in the country. I have a very good staff and well-chosen department heads, so I hope we can meet these challenges.<\/em><\/p>\n<p>Assoc. Prof. Bogus\u0142aw Butry\u0142o, DSc, PhD, Eng, Dean of the Faculty of Electrical Engineering, plans to introduce and promote new study programmes.<\/p>\n<p><em>&#8211; We want to attract as many students as possible who will be interested in new areas of knowledge \u2013<\/em> explains Prof. Butry\u0142o. <em>&#8211; This includes industry digitalisation and electromobility. We have obtained funds to modernise our equipment base. I am looking forward to the greatest possible scientific development of the Faculty, so we can boast new doctoral students.<\/em><\/p>\n<div class=\"row\">\n<div class=\"col-sm-4\">\n<p><a href=\"\">  <\/a><\/p>\n<\/div>\n<div class=\"col-sm-4\">\n<p><a href=\"\">  <\/a><\/p>\n<\/div>\n<div class=\"col-sm-4\">\n<p><a href=\"\">  <\/a><\/p>\n<\/div>\n<\/div>\n<p>The Rector plans to build the Podlasie Centre od Computer Science, which would also become the headquarters of the Faculty of Computer Science.<\/p>\n<p><em>&#8211; We dream of a new building, but we are, of course, developing very dynamically \u2013<\/em> says Assoc. Prof. Dorota Mozyrska, DSc, PhD, Dean of the Faculty of Computer Science. <em>&#8211; The number of students is increasing every year, and we are also thinking about developing new study programmes.<\/em><\/p>\n<p><em>&#8211; I will focus on the development of my closest collaborators, but also priority will be given to research projects, including international ones, and the development of the Faculty&#8217;s infrastructure \u2013<\/em> declares Prof. Joanna Ejdys, Dean of the Faculty of Engineering Management. &#8211; <em>We will adapt the education offer to student needs and strive to meet their expectations, which will, of course, affect their position in the job market.<\/em><\/p>\n<p>Changes will occur in the teaching at the Faculty of Mechanical Engineering.<\/p>\n<p><em>&#8211; We have obtained funding to modernise the mechatronics programme, and together with the Faculty of Civil Engineering and Environmental Sciences and the Faculty of Engineering Management, we will be launching a new study programme &#8211; Transport, for which we have also obtained funding \u2013<\/em> declares Prof. Micha\u0142 Kuciej, Dean of the Faculty of Mechanical Engineering. <em>&#8211; We will continue the Regional Excellence Initiative Programme, which will make this Faculty even more interdisciplinary and scientifically connected with other Faculties, creating new scientific achievements.<\/em><\/p>\n<div class=\"row\">\n<div class=\"col-sm-4\">\n<p><a href=\"\">  <\/a><\/p>\n<\/div>\n<div class=\"col-sm-4\">\n<p><a href=\"\">  <\/a><\/p>\n<\/div>\n<div class=\"col-sm-4\">\n<p><a href=\"\">  <\/a><\/p>\n<\/div>\n<\/div>\n<p>Deans of the Faculties of Bialystok University of Technology for the 2024-2028 Term:<\/p>\n<ul>\n<li>Assoc. Prof.  Tatiana Misijuk, DSc, PhD, Eng, Arch. \u2013 Dean of the Faculty of Architecture<\/li>\n<li>Prof. Micha\u0142 Bo\u0142tryk \u2013 Dean of the Faculty of Civil Engineering and Environmental Sciences<\/li>\n<li>Assoc. Prof. Bogus\u0142aw Butry\u0142o, DSc, PhD, Eng \u2013 Dean of the Faculty of Electrical Engineering<\/li>\n<li>Assoc. Prof. Dorota Mozyrska, DSc, PhD \u2013 Dean of the Faculty of Computer Science<\/li>\n<li>Prof. Joanna Ejdys \u2013 Dean of the Faculty of Management Engineering<\/li>\n<li>Prof. Micha\u0142 Kuciej \u2013 Dean of the Faculty of Mechanical Engineering<\/li>\n<\/ul>\n<p>Assoc. Prof. Jaros\u0142aw Szusta, DSc, PhD, Eng, has been appointed the Rector&#8217;s Plenipotentiary for Cooperation with Enterprises and Business-Related Institutions.<\/p>\n<p><em>&#8211; This will be a continuation of the activities I undertook as Vice-Rector for Student Affairs \u2013<\/em> explains Prof. Szusta. <em>&#8211; During this time, I established many contacts with entrepreneurs and will want to encourage them to cooperate even more closely with the individual faculties of our university. I will encourage entrepreneurs to apply for EU funds jointly, for the implementation of various research and development projects, which we can perform very well thanks to our scientists and laboratories. I will encourage entrepreneurs to host our students for study visits, to show our students the companies where they can find employment as graduates. I also want our students to learn the latest technologies in a real environment, not from the internet or books, but in reality. We plan to have more practical study programmes at the University.<\/em> &nbsp;<\/p>\n<div class=\"row\">\n<div class=\"col-sm-5\">\n<p><a href=\"\">  <\/a><\/p>\n<\/div>\n<\/div>\n<p>Assoc. Prof. Agnieszka Dardzi\u0144ska-G\u0142\u0119bocka, DSc, PhD, has been appointed the Rector&#8217;s Plenipotentiary for Accreditation and Certification.<\/p>\n<p><em>&#8211; Every study programme undergoes mandatory evaluation by the Polish Accreditation Committee, but we also ensure that our programmes receive international accreditations, such as the EUR-ACE\u00ae Label, CIMA, and other prestigious certificates, &#8211;<\/em> reminds Prof. Dardzi\u0144ska-G\u0142\u0119bocka. <em>&#8211; I can assure you that I will pay attention to ensuring that the offered study programmes are of high quality and meet all European education standards.<\/em><\/p>\n<p><em>by jd<\/em><\/p>\nngg_shortcode_0_placeholder\n","protected":false},"excerpt":{"rendered":"<p>Assoc. Prof. Marta Kosior-Kazberuk, DSc, PhD, Eng, Rector of Bialystok University of Technology, has appointed the vice-rectors and deans of the faculties for the 2024-2028 term. &nbsp; &nbsp; &nbsp; Assoc&#8230;.<\/p>\n","protected":false},"author":83,"featured_media":117179,"comment_status":"closed","ping_status":"closed","sticky":false,"template":"","format":"standard","meta":{"_acf_changed":false,"ngg_post_thumbnail":0,"footnotes":""},"categories":[1059],"tags":[],"class_list":["post-117466","post","type-post","status-publish","format-standard","has-post-thumbnail","hentry","category-home"],"acf":[],"yoast_head":"<!-- This site is optimized with the Yoast SEO plugin v27.0 - https:\/\/yoast.com\/product\/yoast-seo-wordpress\/ -->\n<title>Vice-Rectors and Deans of Bialystok University of Technology for the 2024-2028 Term - Bialystok University of Technology News &amp; Events<\/title>\n<meta name=\"robots\" content=\"index, follow, max-snippet:-1, max-image-preview:large, max-video-preview:-1\" \/>\n<link rel=\"canonical\" href=\"https:\/\/pb.edu.pl\/en\/2024\/07\/04\/vice-rectors-and-deans-of-bialystok-university-of-technology-for-the-2024-2028-term\/\" \/>\n<meta property=\"og:locale\" content=\"en_US\" \/>\n<meta property=\"og:type\" content=\"article\" \/>\n<meta property=\"og:title\" content=\"Vice-Rectors and Deans of Bialystok University of Technology for the 2024-2028 Term - Bialystok University of Technology News &amp; Events\" \/>\n<meta property=\"og:url\" content=\"https:\/\/pb.edu.pl\/en\/2024\/07\/04\/vice-rectors-and-deans-of-bialystok-university-of-technology-for-the-2024-2028-term\/\" \/>\n<meta property=\"og:site_name\" content=\"Bialystok University of Technology\" \/>\n<meta property=\"article:published_time\" content=\"2024-07-04T13:36:54+00:00\" \/>\n<meta property=\"article:modified_time\" content=\"2024-07-09T13:50:49+00:00\" \/>\n<meta property=\"og:image\" content=\"https:\/\/pb.edu.pl\/wp-content\/uploads\/2024\/07\/2024-07-04-Prorektorzy-i-Dziekani-kadencji-2024-2028-15-1024x640.jpg\" \/>\n\t<meta property=\"og:image:width\" content=\"1024\" \/>\n\t<meta property=\"og:image:height\" content=\"640\" \/>\n\t<meta property=\"og:image:type\" content=\"image\/jpeg\" \/>\n<meta name=\"author\" content=\"jdoroszkiewicz\" \/>\n<meta name=\"twitter:label1\" content=\"Written by\" \/>\n\t<meta name=\"twitter:data1\" content=\"jdoroszkiewicz\" \/>\n\t<meta name=\"twitter:label2\" content=\"Est. reading time\" \/>\n\t<meta name=\"twitter:data2\" content=\"10 minutes\" \/>\n<script type=\"application\/ld+json\" class=\"yoast-schema-graph\">{\"@context\":\"https:\/\/schema.org\",\"@graph\":[{\"@type\":\"Article\",\"@id\":\"https:\/\/pb.edu.pl\/en\/2024\/07\/04\/vice-rectors-and-deans-of-bialystok-university-of-technology-for-the-2024-2028-term\/#article\",\"isPartOf\":{\"@id\":\"https:\/\/pb.edu.pl\/en\/2024\/07\/04\/vice-rectors-and-deans-of-bialystok-university-of-technology-for-the-2024-2028-term\/\"},\"author\":{\"name\":\"jdoroszkiewicz\",\"@id\":\"https:\/\/pb.edu.pl\/en\/#\/schema\/person\/e8e91d28869fc3e1fcc7b3a779011f4f\"},\"headline\":\"Vice-Rectors and Deans of Bialystok University of Technology for the 2024-2028 Term\",\"datePublished\":\"2024-07-04T13:36:54+00:00\",\"dateModified\":\"2024-07-09T13:50:49+00:00\",\"mainEntityOfPage\":{\"@id\":\"https:\/\/pb.edu.pl\/en\/2024\/07\/04\/vice-rectors-and-deans-of-bialystok-university-of-technology-for-the-2024-2028-term\/\"},\"wordCount\":1553,\"publisher\":{\"@id\":\"https:\/\/pb.edu.pl\/en\/#organization\"},\"image\":{\"@id\":\"https:\/\/pb.edu.pl\/en\/2024\/07\/04\/vice-rectors-and-deans-of-bialystok-university-of-technology-for-the-2024-2028-term\/#primaryimage\"},\"thumbnailUrl\":\"https:\/\/pb.edu.pl\/wp-content\/uploads\/2024\/07\/2024-07-04-Prorektorzy-i-Dziekani-kadencji-2024-2028-15.jpg\",\"articleSection\":[\"home\"],\"inLanguage\":\"en-US\"},{\"@type\":\"WebPage\",\"@id\":\"https:\/\/pb.edu.pl\/en\/2024\/07\/04\/vice-rectors-and-deans-of-bialystok-university-of-technology-for-the-2024-2028-term\/\",\"url\":\"https:\/\/pb.edu.pl\/en\/2024\/07\/04\/vice-rectors-and-deans-of-bialystok-university-of-technology-for-the-2024-2028-term\/\",\"name\":\"Vice-Rectors and Deans of Bialystok University of Technology for the 2024-2028 Term - Bialystok University of Technology News & Events\",\"isPartOf\":{\"@id\":\"https:\/\/pb.edu.pl\/en\/#website\"},\"primaryImageOfPage\":{\"@id\":\"https:\/\/pb.edu.pl\/en\/2024\/07\/04\/vice-rectors-and-deans-of-bialystok-university-of-technology-for-the-2024-2028-term\/#primaryimage\"},\"image\":{\"@id\":\"https:\/\/pb.edu.pl\/en\/2024\/07\/04\/vice-rectors-and-deans-of-bialystok-university-of-technology-for-the-2024-2028-term\/#primaryimage\"},\"thumbnailUrl\":\"https:\/\/pb.edu.pl\/wp-content\/uploads\/2024\/07\/2024-07-04-Prorektorzy-i-Dziekani-kadencji-2024-2028-15.jpg\",\"datePublished\":\"2024-07-04T13:36:54+00:00\",\"dateModified\":\"2024-07-09T13:50:49+00:00\",\"breadcrumb\":{\"@id\":\"https:\/\/pb.edu.pl\/en\/2024\/07\/04\/vice-rectors-and-deans-of-bialystok-university-of-technology-for-the-2024-2028-term\/#breadcrumb\"},\"inLanguage\":\"en-US\",\"potentialAction\":[{\"@type\":\"ReadAction\",\"target\":[\"https:\/\/pb.edu.pl\/en\/2024\/07\/04\/vice-rectors-and-deans-of-bialystok-university-of-technology-for-the-2024-2028-term\/\"]}]},{\"@type\":\"ImageObject\",\"inLanguage\":\"en-US\",\"@id\":\"https:\/\/pb.edu.pl\/en\/2024\/07\/04\/vice-rectors-and-deans-of-bialystok-university-of-technology-for-the-2024-2028-term\/#primaryimage\",\"url\":\"https:\/\/pb.edu.pl\/wp-content\/uploads\/2024\/07\/2024-07-04-Prorektorzy-i-Dziekani-kadencji-2024-2028-15.jpg\",\"contentUrl\":\"https:\/\/pb.edu.pl\/wp-content\/uploads\/2024\/07\/2024-07-04-Prorektorzy-i-Dziekani-kadencji-2024-2028-15.jpg\",\"width\":2160,\"height\":1350,\"caption\":\"Wpisz opis (mo\u017ce by\u0107 taki sam jak tytu\u0142)*\"},{\"@type\":\"BreadcrumbList\",\"@id\":\"https:\/\/pb.edu.pl\/en\/2024\/07\/04\/vice-rectors-and-deans-of-bialystok-university-of-technology-for-the-2024-2028-term\/#breadcrumb\",\"itemListElement\":[{\"@type\":\"ListItem\",\"position\":1,\"name\":\"Home\",\"item\":\"https:\/\/pb.edu.pl\/en\/\"},{\"@type\":\"ListItem\",\"position\":2,\"name\":\"Vice-Rectors and Deans of Bialystok University of Technology for the 2024-2028 Term\"}]},{\"@type\":\"WebSite\",\"@id\":\"https:\/\/pb.edu.pl\/en\/#website\",\"url\":\"https:\/\/pb.edu.pl\/en\/\",\"name\":\"Bialystok University of Technology\",\"description\":\"\",\"publisher\":{\"@id\":\"https:\/\/pb.edu.pl\/en\/#organization\"},\"potentialAction\":[{\"@type\":\"SearchAction\",\"target\":{\"@type\":\"EntryPoint\",\"urlTemplate\":\"https:\/\/pb.edu.pl\/en\/?s={search_term_string}\"},\"query-input\":{\"@type\":\"PropertyValueSpecification\",\"valueRequired\":true,\"valueName\":\"search_term_string\"}}],\"inLanguage\":\"en-US\"},{\"@type\":\"Organization\",\"@id\":\"https:\/\/pb.edu.pl\/en\/#organization\",\"name\":\"Bialystok University of Technology\",\"url\":\"https:\/\/pb.edu.pl\/en\/\",\"logo\":{\"@type\":\"ImageObject\",\"inLanguage\":\"en-US\",\"@id\":\"https:\/\/pb.edu.pl\/en\/#\/schema\/logo\/image\/\",\"url\":\"https:\/\/pb.edu.pl\/wp-content\/uploads\/2026\/02\/logo_pb.svg\",\"contentUrl\":\"https:\/\/pb.edu.pl\/wp-content\/uploads\/2026\/02\/logo_pb.svg\",\"caption\":\"Bialystok University of Technology\"},\"image\":{\"@id\":\"https:\/\/pb.edu.pl\/en\/#\/schema\/logo\/image\/\"}},{\"@type\":\"Person\",\"@id\":\"https:\/\/pb.edu.pl\/en\/#\/schema\/person\/e8e91d28869fc3e1fcc7b3a779011f4f\",\"name\":\"jdoroszkiewicz\",\"image\":{\"@type\":\"ImageObject\",\"inLanguage\":\"en-US\",\"@id\":\"https:\/\/pb.edu.pl\/en\/#\/schema\/person\/image\/\",\"url\":\"https:\/\/secure.gravatar.com\/avatar\/a4cfa263c41b5eed3f5972003b8515979592ea1a7a67a5e39cd7b9369aad18f5?s=96&d=mm&r=g\",\"contentUrl\":\"https:\/\/secure.gravatar.com\/avatar\/a4cfa263c41b5eed3f5972003b8515979592ea1a7a67a5e39cd7b9369aad18f5?s=96&d=mm&r=g\",\"caption\":\"jdoroszkiewicz\"}}]}<\/script>\n<!-- \/ Yoast SEO plugin. -->","yoast_head_json":{"title":"Vice-Rectors and Deans of Bialystok University of Technology for the 2024-2028 Term - Bialystok University of Technology News & Events","robots":{"index":"index","follow":"follow","max-snippet":"max-snippet:-1","max-image-preview":"max-image-preview:large","max-video-preview":"max-video-preview:-1"},"canonical":"https:\/\/pb.edu.pl\/en\/2024\/07\/04\/vice-rectors-and-deans-of-bialystok-university-of-technology-for-the-2024-2028-term\/","og_locale":"en_US","og_type":"article","og_title":"Vice-Rectors and Deans of Bialystok University of Technology for the 2024-2028 Term - Bialystok University of Technology News & Events","og_url":"https:\/\/pb.edu.pl\/en\/2024\/07\/04\/vice-rectors-and-deans-of-bialystok-university-of-technology-for-the-2024-2028-term\/","og_site_name":"Bialystok University of Technology","article_published_time":"2024-07-04T13:36:54+00:00","article_modified_time":"2024-07-09T13:50:49+00:00","og_image":[{"width":1024,"height":640,"url":"https:\/\/pb.edu.pl\/wp-content\/uploads\/2024\/07\/2024-07-04-Prorektorzy-i-Dziekani-kadencji-2024-2028-15-1024x640.jpg","type":"image\/jpeg"}],"author":"jdoroszkiewicz","twitter_misc":{"Written by":"jdoroszkiewicz","Est. reading time":"10 minutes"},"schema":{"@context":"https:\/\/schema.org","@graph":[{"@type":"Article","@id":"https:\/\/pb.edu.pl\/en\/2024\/07\/04\/vice-rectors-and-deans-of-bialystok-university-of-technology-for-the-2024-2028-term\/#article","isPartOf":{"@id":"https:\/\/pb.edu.pl\/en\/2024\/07\/04\/vice-rectors-and-deans-of-bialystok-university-of-technology-for-the-2024-2028-term\/"},"author":{"name":"jdoroszkiewicz","@id":"https:\/\/pb.edu.pl\/en\/#\/schema\/person\/e8e91d28869fc3e1fcc7b3a779011f4f"},"headline":"Vice-Rectors and Deans of Bialystok University of Technology for the 2024-2028 Term","datePublished":"2024-07-04T13:36:54+00:00","dateModified":"2024-07-09T13:50:49+00:00","mainEntityOfPage":{"@id":"https:\/\/pb.edu.pl\/en\/2024\/07\/04\/vice-rectors-and-deans-of-bialystok-university-of-technology-for-the-2024-2028-term\/"},"wordCount":1553,"publisher":{"@id":"https:\/\/pb.edu.pl\/en\/#organization"},"image":{"@id":"https:\/\/pb.edu.pl\/en\/2024\/07\/04\/vice-rectors-and-deans-of-bialystok-university-of-technology-for-the-2024-2028-term\/#primaryimage"},"thumbnailUrl":"https:\/\/pb.edu.pl\/wp-content\/uploads\/2024\/07\/2024-07-04-Prorektorzy-i-Dziekani-kadencji-2024-2028-15.jpg","articleSection":["home"],"inLanguage":"en-US"},{"@type":"WebPage","@id":"https:\/\/pb.edu.pl\/en\/2024\/07\/04\/vice-rectors-and-deans-of-bialystok-university-of-technology-for-the-2024-2028-term\/","url":"https:\/\/pb.edu.pl\/en\/2024\/07\/04\/vice-rectors-and-deans-of-bialystok-university-of-technology-for-the-2024-2028-term\/","name":"Vice-Rectors and Deans of Bialystok University of Technology for the 2024-2028 Term - Bialystok University of Technology News & Events","isPartOf":{"@id":"https:\/\/pb.edu.pl\/en\/#website"},"primaryImageOfPage":{"@id":"https:\/\/pb.edu.pl\/en\/2024\/07\/04\/vice-rectors-and-deans-of-bialystok-university-of-technology-for-the-2024-2028-term\/#primaryimage"},"image":{"@id":"https:\/\/pb.edu.pl\/en\/2024\/07\/04\/vice-rectors-and-deans-of-bialystok-university-of-technology-for-the-2024-2028-term\/#primaryimage"},"thumbnailUrl":"https:\/\/pb.edu.pl\/wp-content\/uploads\/2024\/07\/2024-07-04-Prorektorzy-i-Dziekani-kadencji-2024-2028-15.jpg","datePublished":"2024-07-04T13:36:54+00:00","dateModified":"2024-07-09T13:50:49+00:00","breadcrumb":{"@id":"https:\/\/pb.edu.pl\/en\/2024\/07\/04\/vice-rectors-and-deans-of-bialystok-university-of-technology-for-the-2024-2028-term\/#breadcrumb"},"inLanguage":"en-US","potentialAction":[{"@type":"ReadAction","target":["https:\/\/pb.edu.pl\/en\/2024\/07\/04\/vice-rectors-and-deans-of-bialystok-university-of-technology-for-the-2024-2028-term\/"]}]},{"@type":"ImageObject","inLanguage":"en-US","@id":"https:\/\/pb.edu.pl\/en\/2024\/07\/04\/vice-rectors-and-deans-of-bialystok-university-of-technology-for-the-2024-2028-term\/#primaryimage","url":"https:\/\/pb.edu.pl\/wp-content\/uploads\/2024\/07\/2024-07-04-Prorektorzy-i-Dziekani-kadencji-2024-2028-15.jpg","contentUrl":"https:\/\/pb.edu.pl\/wp-content\/uploads\/2024\/07\/2024-07-04-Prorektorzy-i-Dziekani-kadencji-2024-2028-15.jpg","width":2160,"height":1350,"caption":"Wpisz opis (mo\u017ce by\u0107 taki sam jak tytu\u0142)*"},{"@type":"BreadcrumbList","@id":"https:\/\/pb.edu.pl\/en\/2024\/07\/04\/vice-rectors-and-deans-of-bialystok-university-of-technology-for-the-2024-2028-term\/#breadcrumb","itemListElement":[{"@type":"ListItem","position":1,"name":"Home","item":"https:\/\/pb.edu.pl\/en\/"},{"@type":"ListItem","position":2,"name":"Vice-Rectors and Deans of Bialystok University of Technology for the 2024-2028 Term"}]},{"@type":"WebSite","@id":"https:\/\/pb.edu.pl\/en\/#website","url":"https:\/\/pb.edu.pl\/en\/","name":"Bialystok University of Technology","description":"","publisher":{"@id":"https:\/\/pb.edu.pl\/en\/#organization"},"potentialAction":[{"@type":"SearchAction","target":{"@type":"EntryPoint","urlTemplate":"https:\/\/pb.edu.pl\/en\/?s={search_term_string}"},"query-input":{"@type":"PropertyValueSpecification","valueRequired":true,"valueName":"search_term_string"}}],"inLanguage":"en-US"},{"@type":"Organization","@id":"https:\/\/pb.edu.pl\/en\/#organization","name":"Bialystok University of Technology","url":"https:\/\/pb.edu.pl\/en\/","logo":{"@type":"ImageObject","inLanguage":"en-US","@id":"https:\/\/pb.edu.pl\/en\/#\/schema\/logo\/image\/","url":"https:\/\/pb.edu.pl\/wp-content\/uploads\/2026\/02\/logo_pb.svg","contentUrl":"https:\/\/pb.edu.pl\/wp-content\/uploads\/2026\/02\/logo_pb.svg","caption":"Bialystok University of Technology"},"image":{"@id":"https:\/\/pb.edu.pl\/en\/#\/schema\/logo\/image\/"}},{"@type":"Person","@id":"https:\/\/pb.edu.pl\/en\/#\/schema\/person\/e8e91d28869fc3e1fcc7b3a779011f4f","name":"jdoroszkiewicz","image":{"@type":"ImageObject","inLanguage":"en-US","@id":"https:\/\/pb.edu.pl\/en\/#\/schema\/person\/image\/","url":"https:\/\/secure.gravatar.com\/avatar\/a4cfa263c41b5eed3f5972003b8515979592ea1a7a67a5e39cd7b9369aad18f5?s=96&d=mm&r=g","contentUrl":"https:\/\/secure.gravatar.com\/avatar\/a4cfa263c41b5eed3f5972003b8515979592ea1a7a67a5e39cd7b9369aad18f5?s=96&d=mm&r=g","caption":"jdoroszkiewicz"}}]}},"_links":{"self":[{"href":"https:\/\/pb.edu.pl\/en\/wp-json\/wp\/v2\/posts\/117466","targetHints":{"allow":["GET"]}}],"collection":[{"href":"https:\/\/pb.edu.pl\/en\/wp-json\/wp\/v2\/posts"}],"about":[{"href":"https:\/\/pb.edu.pl\/en\/wp-json\/wp\/v2\/types\/post"}],"author":[{"embeddable":true,"href":"https:\/\/pb.edu.pl\/en\/wp-json\/wp\/v2\/users\/83"}],"replies":[{"embeddable":true,"href":"https:\/\/pb.edu.pl\/en\/wp-json\/wp\/v2\/comments?post=117466"}],"version-history":[{"count":0,"href":"https:\/\/pb.edu.pl\/en\/wp-json\/wp\/v2\/posts\/117466\/revisions"}],"wp:featuredmedia":[{"embeddable":true,"href":"https:\/\/pb.edu.pl\/en\/wp-json\/wp\/v2\/media\/117179"}],"wp:attachment":[{"href":"https:\/\/pb.edu.pl\/en\/wp-json\/wp\/v2\/media?parent=117466"}],"wp:term":[{"taxonomy":"category","embeddable":true,"href":"https:\/\/pb.edu.pl\/en\/wp-json\/wp\/v2\/categories?post=117466"},{"taxonomy":"post_tag","embeddable":true,"href":"https:\/\/pb.edu.pl\/en\/wp-json\/wp\/v2\/tags?post=117466"}],"curies":[{"name":"wp","href":"https:\/\/api.w.org\/{rel}","templated":true}]}}