{"id":2760,"date":"2026-04-23T08:47:12","date_gmt":"2026-04-23T06:47:12","guid":{"rendered":"https:\/\/pb.edu.pl\/ctt\/?p=2760"},"modified":"2026-04-23T08:47:12","modified_gmt":"2026-04-23T06:47:12","slug":"szybciej-wyzej-dalej-i-bezpieczniej-jak-chronic-wlasnosc-intelektualna-w-sporcie-zaproszenie-na-swiatowy-dzien-wlasnosci-intelektualnej","status":"publish","type":"post","link":"https:\/\/pb.edu.pl\/ctt\/2026\/04\/23\/szybciej-wyzej-dalej-i-bezpieczniej-jak-chronic-wlasnosc-intelektualna-w-sporcie-zaproszenie-na-swiatowy-dzien-wlasnosci-intelektualnej\/","title":{"rendered":"\u201eSzybciej, wy\u017cej, dalej i \u2026bezpieczniej &#8211; jak chroni\u0107 w\u0142asno\u015b\u0107 intelektualn\u0105 w sporcie\u201d &#8211; zaproszenie na \u015awiatowy Dzie\u0144 W\u0142asno\u015bci Intelektualnej"},"content":{"rendered":"<p style=\"font-weight: 400\">Urz\u0105d Patentowy RP organizuje webinarium z okazji \u015awiatowego Dnia W\u0142asno\u015bci Intelektualnej pt.<strong>\u201eSzybciej, wy\u017cej, dalej i \u2026bezpieczniej &#8211; jak chroni\u0107 w\u0142asno\u015b\u0107 intelektualn\u0105 w sporcie\u201d<\/strong>,kt\u00f3re odb\u0119dzie si\u0119 w poniedzia\u0142ek,&nbsp;<strong>27 kwietnia 2026 r. o godz. 10:00<\/strong>.<\/p>\n<p style=\"font-weight: 400\">&nbsp;<\/p>\n<p style=\"font-weight: 400\">Wydarzenie b\u0119dzie podzielone na dwie cz\u0119\u015bci.<\/p>\n<p style=\"font-weight: 400\">Podczas pierwszej cz\u0119\u015bci o godzinie 10.00, dedykowanej \u201eamatorom sportu\u201d dowiesz si\u0119 m.in.<\/p>\n<ul style=\"font-weight: 400\">\n<li>czym jest ochrona w\u0142asno\u015bci intelektualnej i dlaczego warto o ni\u0105 zadba\u0107,<\/li>\n<li>o zagadnieniach dotycz\u0105cych wynalazk\u00f3w i procedury patentowej na przyk\u0142adach \u201esportowych\u201d,<\/li>\n<li>krajowych i zagranicznych wyszukiwarkach patentowych,<\/li>\n<li>jak chroni\u0107 mark\u0119 i wygl\u0105d produkt\u00f3w sportowych,<\/li>\n<li>jak ochrona znak\u00f3w towarowych mo\u017ce wp\u0142ywa\u0107 na ochron\u0119 wizerunku i rozw\u00f3j kariery sportowca.<\/li>\n<\/ul>\n<p style=\"font-weight: 400\">&nbsp;<\/p>\n<p style=\"font-weight: 400\">Druga cz\u0119\u015b\u0107 wydarzenia dedykowana specjalistom zajmuj\u0105cym si\u0119 ochron\u0105 w\u0142asno\u015bci intelektualnej rozpocznie si\u0119 o godzinie 12.00. Podczas tej cz\u0119\u015bci dowiesz si\u0119 m.in. o<\/p>\n<ul style=\"font-weight: 400\">\n<li>kluczowych wyzwaniach prawnych ochrony d\u00f3br niematerialnych w \u015bwiecie sportu;<\/li>\n<\/ul>\n<ul style=\"font-weight: 400\">\n<li>przyk\u0142adach narusze\u0144 praw w\u0142asno\u015bci intelektualnej w \u015bwiecie sportu.<\/li>\n<\/ul>\n<p style=\"font-weight: 400\"><strong>&nbsp;<\/strong><\/p>\n<p style=\"font-weight: 400\"><strong>W dniu wydarzenia<\/strong>&nbsp;<strong>linki umo\u017cliwiaj\u0105ce udzia\u0142 w webinarium dost\u0119pne b\u0119d\u0105 <\/strong><a href=\"https:\/\/uprp.gov.pl\/pl\/aktualnosci\/wydarzenia\/szybciej-wyzej-dalej-i-bezpieczniej-jak-chronic-wlasnosc-intelektualna-w-sporcie-zaproszenie-na-swiatowy-dzien-wlasnosci-intelektualnej\"><strong>tutaj<\/strong><\/a><strong>.<\/strong><\/p>\n","protected":false},"excerpt":{"rendered":"<p>Urz\u0105d Patentowy RP organizuje webinarium z okazji \u015awiatowego Dnia W\u0142asno\u015bci Intelektualnej pt.\u201eSzybciej, wy\u017cej, dalej i<\/p>\n","protected":false},"author":139,"featured_media":2761,"comment_status":"closed","ping_status":"closed","sticky":false,"template":"","format":"standard","meta":{"_acf_changed":false,"ngg_post_thumbnail":0,"footnotes":""},"categories":[22],"tags":[],"class_list":["post-2760","post","type-post","status-publish","format-standard","has-post-thumbnail","hentry","category-home"],"acf":[],"_links":{"self":[{"href":"https:\/\/pb.edu.pl\/ctt\/wp-json\/wp\/v2\/posts\/2760","targetHints":{"allow":["GET"]}}],"collection":[{"href":"https:\/\/pb.edu.pl\/ctt\/wp-json\/wp\/v2\/posts"}],"about":[{"href":"https:\/\/pb.edu.pl\/ctt\/wp-json\/wp\/v2\/types\/post"}],"author":[{"embeddable":true,"href":"https:\/\/pb.edu.pl\/ctt\/wp-json\/wp\/v2\/users\/139"}],"replies":[{"embeddable":true,"href":"https:\/\/pb.edu.pl\/ctt\/wp-json\/wp\/v2\/comments?post=2760"}],"version-history":[{"count":1,"href":"https:\/\/pb.edu.pl\/ctt\/wp-json\/wp\/v2\/posts\/2760\/revisions"}],"predecessor-version":[{"id":2763,"href":"https:\/\/pb.edu.pl\/ctt\/wp-json\/wp\/v2\/posts\/2760\/revisions\/2763"}],"wp:featuredmedia":[{"embeddable":true,"href":"https:\/\/pb.edu.pl\/ctt\/wp-json\/wp\/v2\/media\/2761"}],"wp:attachment":[{"href":"https:\/\/pb.edu.pl\/ctt\/wp-json\/wp\/v2\/media?parent=2760"}],"wp:term":[{"taxonomy":"category","embeddable":true,"href":"https:\/\/pb.edu.pl\/ctt\/wp-json\/wp\/v2\/categories?post=2760"},{"taxonomy":"post_tag","embeddable":true,"href":"https:\/\/pb.edu.pl\/ctt\/wp-json\/wp\/v2\/tags?post=2760"}],"curies":[{"name":"wp","href":"https:\/\/api.w.org\/{rel}","templated":true}]}}