{"id":2428,"date":"2025-04-24T14:09:22","date_gmt":"2025-04-24T12:09:22","guid":{"rendered":"https:\/\/pb.edu.pl\/ctt\/?p=2428"},"modified":"2025-04-24T20:38:48","modified_gmt":"2025-04-24T18:38:48","slug":"inno-east-forum-innowacji-wspolpracy-i-rozwoju-28-maja-2025r","status":"publish","type":"post","link":"https:\/\/pb.edu.pl\/ctt\/2025\/04\/24\/inno-east-forum-innowacji-wspolpracy-i-rozwoju-28-maja-2025r\/","title":{"rendered":"INNO-EAST Forum Innowacji, Wsp\u00f3\u0142pracy i Rozwoju &#8211; 28 maja 2025 r."},"content":{"rendered":"<p><strong>Centrum Transferu Technologii PB<\/strong> zaprasza na wydarzenie pod nazw\u0105&nbsp;<a href=\"https:\/\/pb.edu.pl\/ctt\/innoeast2025\/\"><strong>INNO-EAST Forum Innowacji, Wsp\u00f3\u0142pracy i Rozwoju<\/strong><\/a>, kt\u00f3re odb\u0119dzie si\u0119 w dniu 28 maja 2025 r. na <a href=\"https:\/\/we.pb.edu.pl\/kontakt\/plan-wydzialu\/\">Wydziale Elektrycznym PB<\/a> w Auli I.<\/p>\n<p><strong>Konferencja ma za zadanie<\/strong> przybli\u017cy\u0107 tematyk\u0119 innowacji oraz komercjalizacji pomys\u0142\u00f3w innowacyjnych. Wydarzenie ma charakter multidyscyplinarny, powi\u0105zane jest z kluczowymi projektami wojew\u00f3dztwa podlaskiego tj. Dolina Rolnicza 4.0 oraz z ofert\u0105 B+R kluczowych uczelni wy\u017cszych regionu Polski p\u00f3\u0142nocno-wschodniej. W trakcie konferencji prezentowane b\u0119d\u0105 osi\u0105gni\u0119cia w zakresie innowacji i komercjalizacji Politechniki Bia\u0142ostockiej oraz pozosta\u0142ych uczelni regionu.<\/p>\n<p>W\u015br\u00f3d zaproszonych go\u015bci b\u0119d\u0105 przedstawiciele otoczenia spo\u0142eczno-gospodarczego, przedsi\u0119biorcy, NGO oraz pracownicy Politechniki Bia\u0142ostockiej.<\/p>\n<p><strong>Celem wydarzenia jest<\/strong> propagowanie wiedzy z zakresu innowacyjno\u015bci i komercjalizacji w\u015br\u00f3d pracownik\u00f3w i student\u00f3w PB oraz w\u015br\u00f3d przedsi\u0119biorc\u00f3w i w otoczeniu spo\u0142eczno-gospodarczym. Prezentowane b\u0119d\u0105 dyskusje identyfikuj\u0105ce stan obecny innowacyjno\u015bci w regionie, a tak\u017ce zaprezentowane b\u0119d\u0105 perspektywy rozwoju proces\u00f3w komercjalizacji w biznesie oraz na uczelniach.<\/p>\n<p><strong>Celem dodatkowym jest<\/strong> prezentacja oferty badawczej, rozwojowej i potencja\u0142u B+R Politechniki Bia\u0142ostockiej oraz potencja\u0142u wsp\u00f3\u0142organizator\u00f3w.<\/p>\n<p>Dzia\u0142anie jest realizowane w ramach <a href=\"https:\/\/pb.edu.pl\/via-carpatia\/\">Politechnicznej Sieci VIA CARPATIA im. Prezydenta RP Lecha Kaczy\u0144skiego<\/a>.<\/p>\n<p>Organizatorem wydarzenia jest <a href=\"https:\/\/pb.edu.pl\/\">Politechnika Bia\u0142ostocka<\/a>.<\/p>\n","protected":false},"excerpt":{"rendered":"<p>Konferencja odb\u0119dzie si\u0119 28 maja 2025 r. na Wydziale Elektrycznym PB w Auli I<\/p>\n","protected":false},"author":139,"featured_media":2466,"comment_status":"open","ping_status":"open","sticky":false,"template":"","format":"standard","meta":{"_acf_changed":false,"ngg_post_thumbnail":0,"footnotes":""},"categories":[22],"tags":[],"class_list":["post-2428","post","type-post","status-publish","format-standard","has-post-thumbnail","hentry","category-home"],"acf":[],"_links":{"self":[{"href":"https:\/\/pb.edu.pl\/ctt\/wp-json\/wp\/v2\/posts\/2428","targetHints":{"allow":["GET"]}}],"collection":[{"href":"https:\/\/pb.edu.pl\/ctt\/wp-json\/wp\/v2\/posts"}],"about":[{"href":"https:\/\/pb.edu.pl\/ctt\/wp-json\/wp\/v2\/types\/post"}],"author":[{"embeddable":true,"href":"https:\/\/pb.edu.pl\/ctt\/wp-json\/wp\/v2\/users\/139"}],"replies":[{"embeddable":true,"href":"https:\/\/pb.edu.pl\/ctt\/wp-json\/wp\/v2\/comments?post=2428"}],"version-history":[{"count":0,"href":"https:\/\/pb.edu.pl\/ctt\/wp-json\/wp\/v2\/posts\/2428\/revisions"}],"wp:featuredmedia":[{"embeddable":true,"href":"https:\/\/pb.edu.pl\/ctt\/wp-json\/wp\/v2\/media\/2466"}],"wp:attachment":[{"href":"https:\/\/pb.edu.pl\/ctt\/wp-json\/wp\/v2\/media?parent=2428"}],"wp:term":[{"taxonomy":"category","embeddable":true,"href":"https:\/\/pb.edu.pl\/ctt\/wp-json\/wp\/v2\/categories?post=2428"},{"taxonomy":"post_tag","embeddable":true,"href":"https:\/\/pb.edu.pl\/ctt\/wp-json\/wp\/v2\/tags?post=2428"}],"curies":[{"name":"wp","href":"https:\/\/api.w.org\/{rel}","templated":true}]}}