{"id":1083,"date":"2025-09-16T13:02:07","date_gmt":"2025-09-16T11:02:07","guid":{"rendered":"https:\/\/pb.edu.pl\/chor\/?p=1083"},"modified":"2025-11-14T13:22:13","modified_gmt":"2025-11-14T12:22:13","slug":"koncert-w-sagrada-familia","status":"publish","type":"post","link":"https:\/\/pb.edu.pl\/chor\/2025\/09\/16\/koncert-w-sagrada-familia\/","title":{"rendered":"Koncert w Sagrada Fam\u00edlia"},"content":{"rendered":"<div class=\"h3\">Podczas konkursu w Hiszpanii Ch\u00f3r Politechniki Bia\u0142ostockiej mia\u0142 zaszczyt za\u015bpiewa\u0107 w jednym z najs\u0142ynniejszych ko\u015bcio\u0142\u00f3w na \u015bwiecie \u2013 bazylice Sagrada Fam\u00edlia w Barcelonie, tu\u017c obok grobowca jej tw\u00f3rcy, Antoniego Gaud\u00edego.<\/div>\n<div class=\"h4\">Wyst\u0119p w tak niezwyk\u0142ej przestrzeni by\u0142 nie tylko wyr\u00f3\u017cnieniem, lecz tak\u017ce g\u0142\u0119boko poruszaj\u0105cym prze\u017cyciem artystycznym i duchowym. Monumentalna architektura \u015bwi\u0105tyni, jej niepowtarzalna akustyka oraz \u015bwiadomo\u015b\u0107 historii miejsca sprawi\u0142y, \u017ce ka\u017cdy d\u017awi\u0119k nabiera\u0142 wyj\u0105tkowej mocy i symbolicznego znaczenia<\/div>\n","protected":false},"excerpt":{"rendered":"<p>Podczas konkursu w Hiszpanii Ch\u00f3r Politechniki Bia\u0142ostockiej mia\u0142 zaszczyt za\u015bpiewa\u0107 w jednym z najs\u0142ynniejszych ko\u015bcio\u0142\u00f3w<\/p>\n","protected":false},"author":127,"featured_media":1084,"comment_status":"closed","ping_status":"closed","sticky":false,"template":"","format":"standard","meta":{"_acf_changed":false,"ngg_post_thumbnail":0,"footnotes":""},"categories":[1,15],"tags":[],"class_list":["post-1083","post","type-post","status-publish","format-standard","has-post-thumbnail","hentry","category-home","category-kronika-2025"],"acf":[],"_links":{"self":[{"href":"https:\/\/pb.edu.pl\/chor\/wp-json\/wp\/v2\/posts\/1083","targetHints":{"allow":["GET"]}}],"collection":[{"href":"https:\/\/pb.edu.pl\/chor\/wp-json\/wp\/v2\/posts"}],"about":[{"href":"https:\/\/pb.edu.pl\/chor\/wp-json\/wp\/v2\/types\/post"}],"author":[{"embeddable":true,"href":"https:\/\/pb.edu.pl\/chor\/wp-json\/wp\/v2\/users\/127"}],"replies":[{"embeddable":true,"href":"https:\/\/pb.edu.pl\/chor\/wp-json\/wp\/v2\/comments?post=1083"}],"version-history":[{"count":0,"href":"https:\/\/pb.edu.pl\/chor\/wp-json\/wp\/v2\/posts\/1083\/revisions"}],"wp:featuredmedia":[{"embeddable":true,"href":"https:\/\/pb.edu.pl\/chor\/wp-json\/wp\/v2\/media\/1084"}],"wp:attachment":[{"href":"https:\/\/pb.edu.pl\/chor\/wp-json\/wp\/v2\/media?parent=1083"}],"wp:term":[{"taxonomy":"category","embeddable":true,"href":"https:\/\/pb.edu.pl\/chor\/wp-json\/wp\/v2\/categories?post=1083"},{"taxonomy":"post_tag","embeddable":true,"href":"https:\/\/pb.edu.pl\/chor\/wp-json\/wp\/v2\/tags?post=1083"}],"curies":[{"name":"wp","href":"https:\/\/api.w.org\/{rel}","templated":true}]}}