{"id":1080,"date":"2025-09-15T12:57:54","date_gmt":"2025-09-15T10:57:54","guid":{"rendered":"https:\/\/pb.edu.pl\/chor\/?p=1080"},"modified":"2025-11-14T13:34:24","modified_gmt":"2025-11-14T12:34:24","slug":"xiv-miedzynarodowy-konkurs-choralny-canco-mediterrania","status":"publish","type":"post","link":"https:\/\/pb.edu.pl\/chor\/2025\/09\/15\/xiv-miedzynarodowy-konkurs-choralny-canco-mediterrania\/","title":{"rendered":"XIV Mi\u0119dzynarodowy Konkurs Ch\u00f3ralny ,,Canco Mediterrania\u201d"},"content":{"rendered":"<p data-start=\"54\" data-end=\"405\">W dniach 8\u201314 wrze\u015bnia 2025 roku Ch\u00f3r Politechniki Bia\u0142ostockiej uczestniczy\u0142 w XIV Mi\u0119dzynarodowym Konkursie Ch\u00f3ralnym \u201eCanco Mediterrania\u201d w Lloret de Mar w Hiszpanii. Wydarzenie to zgromadzi\u0142o zespo\u0142y z wielu kraj\u00f3w, prezentuj\u0105ce r\u00f3\u017cnorodne tradycje wokalne oraz wysoki poziom artystyczny, co czyni\u0142o rywalizacj\u0119 wyj\u0105tkowo inspiruj\u0105c\u0105 i wymagaj\u0105c\u0105.<\/p>\n<p data-start=\"407\" data-end=\"868\">Ch\u00f3r Politechniki Bia\u0142ostockiej zdoby\u0142 Z\u0141OTY DYPLOM w kategorii muzyki sakralnej w grupie ch\u00f3r\u00f3w m\u0142odzie\u017cowych. Jury konkursowe doceni\u0142o zar\u00f3wno dob\u00f3r repertuaru, jak i wyj\u0105tkow\u0105 sp\u00f3jno\u015b\u0107 brzmienia zespo\u0142u. Co wi\u0119cej, w\u015br\u00f3d wszystkich ch\u00f3r\u00f3w nagrodzonych z\u0142otymi dyplomami zesp\u00f3\u0142 uzyska\u0142 trzeci\u0105 najwy\u017csz\u0105 punktacj\u0119, co stanowi ogromny sukces oraz wyj\u0105tkowe wyr\u00f3\u017cnienie na arenie mi\u0119dzynarodowej.<\/p>\n","protected":false},"excerpt":{"rendered":"<p>W dniach 8\u201314 wrze\u015bnia 2025 roku Ch\u00f3r Politechniki Bia\u0142ostockiej uczestniczy\u0142 w XIV Mi\u0119dzynarodowym Konkursie Ch\u00f3ralnym<\/p>\n","protected":false},"author":127,"featured_media":1081,"comment_status":"closed","ping_status":"closed","sticky":false,"template":"","format":"standard","meta":{"_acf_changed":false,"ngg_post_thumbnail":0,"footnotes":""},"categories":[1,15],"tags":[],"class_list":["post-1080","post","type-post","status-publish","format-standard","has-post-thumbnail","hentry","category-home","category-kronika-2025"],"acf":[],"_links":{"self":[{"href":"https:\/\/pb.edu.pl\/chor\/wp-json\/wp\/v2\/posts\/1080","targetHints":{"allow":["GET"]}}],"collection":[{"href":"https:\/\/pb.edu.pl\/chor\/wp-json\/wp\/v2\/posts"}],"about":[{"href":"https:\/\/pb.edu.pl\/chor\/wp-json\/wp\/v2\/types\/post"}],"author":[{"embeddable":true,"href":"https:\/\/pb.edu.pl\/chor\/wp-json\/wp\/v2\/users\/127"}],"replies":[{"embeddable":true,"href":"https:\/\/pb.edu.pl\/chor\/wp-json\/wp\/v2\/comments?post=1080"}],"version-history":[{"count":0,"href":"https:\/\/pb.edu.pl\/chor\/wp-json\/wp\/v2\/posts\/1080\/revisions"}],"wp:featuredmedia":[{"embeddable":true,"href":"https:\/\/pb.edu.pl\/chor\/wp-json\/wp\/v2\/media\/1081"}],"wp:attachment":[{"href":"https:\/\/pb.edu.pl\/chor\/wp-json\/wp\/v2\/media?parent=1080"}],"wp:term":[{"taxonomy":"category","embeddable":true,"href":"https:\/\/pb.edu.pl\/chor\/wp-json\/wp\/v2\/categories?post=1080"},{"taxonomy":"post_tag","embeddable":true,"href":"https:\/\/pb.edu.pl\/chor\/wp-json\/wp\/v2\/tags?post=1080"}],"curies":[{"name":"wp","href":"https:\/\/api.w.org\/{rel}","templated":true}]}}