{"id":1077,"date":"2025-08-31T12:49:17","date_gmt":"2025-08-31T10:49:17","guid":{"rendered":"https:\/\/pb.edu.pl\/chor\/?p=1077"},"modified":"2025-11-14T13:06:05","modified_gmt":"2025-11-14T12:06:05","slug":"koncert-piesni-sakralnej-w-zegarach","status":"publish","type":"post","link":"https:\/\/pb.edu.pl\/chor\/2025\/08\/31\/koncert-piesni-sakralnej-w-zegarach\/","title":{"rendered":"Koncert Pie\u015bni Sakralnej w \u017begarach"},"content":{"rendered":"<p>31 sierpnia 2025 r. Ch\u00f3r Politechniki Bia\u0142ostockiej wyst\u0105pi\u0142 w Ko\u015bciele filialnym pw. \u015bw. Bart\u0142omieja w \u017begarach, goszcz\u0105c w lokalnej parafii na zaproszenie wsp\u00f3lnoty wiernych. Wydarzenie to zgromadzi\u0142o mieszka\u0144c\u00f3w okolicznych miejscowo\u015bci oraz licznych go\u015bci, kt\u00f3rzy pragn\u0119li uczestniczy\u0107 w wyj\u0105tkowej oprawie muzycznej przygotowanej specjalnie na t\u0119 okazj\u0119.<\/p>\n<p>&nbsp;<\/p>\n<p>Podczas liturgii ch\u00f3r zapewni\u0142 uroczyst\u0105 opraw\u0119 muzyczn\u0105 mszy \u015bwi\u0119tej, kt\u00f3ra odbywa\u0142a si\u0119 w dw\u00f3ch j\u0119zykach \u2013 polskim oraz litewskim \u2013 podkre\u015blaj\u0105c wielokulturowy charakter regionu i szacunek dla lokalnych tradycji. Wykonywane w trakcie nabo\u017ce\u0144stwa pie\u015bni nada\u0142y celebracji podnios\u0142y nastr\u00f3j i wprowadzi\u0142y wiernych w atmosfer\u0119 modlitwy oraz refleksji.<\/p>\n<p>&nbsp;<\/p>\n<p>Po zako\u0144czeniu mszy \u015bwi\u0119tej ch\u00f3r zaprezentowa\u0142 oddzielny koncert, podczas kt\u00f3rego wykona\u0142 wybrane utwory muzyki sakralnej. Wyst\u0119p spotka\u0142 si\u0119 z bardzo ciep\u0142ym przyj\u0119ciem publiczno\u015bci, a jego bogaty program pozwoli\u0142 s\u0142uchaczom na g\u0142\u0119bsze prze\u017cycie artystyczne i duchowe.<\/p>\n","protected":false},"excerpt":{"rendered":"<p>31 sierpnia 2025 r. Ch\u00f3r Politechniki Bia\u0142ostockiej wyst\u0105pi\u0142 w Ko\u015bciele filialnym pw. \u015bw. Bart\u0142omieja w<\/p>\n","protected":false},"author":127,"featured_media":1078,"comment_status":"closed","ping_status":"closed","sticky":false,"template":"","format":"standard","meta":{"_acf_changed":false,"ngg_post_thumbnail":0,"footnotes":""},"categories":[1,15],"tags":[],"class_list":["post-1077","post","type-post","status-publish","format-standard","has-post-thumbnail","hentry","category-home","category-kronika-2025"],"acf":[],"_links":{"self":[{"href":"https:\/\/pb.edu.pl\/chor\/wp-json\/wp\/v2\/posts\/1077","targetHints":{"allow":["GET"]}}],"collection":[{"href":"https:\/\/pb.edu.pl\/chor\/wp-json\/wp\/v2\/posts"}],"about":[{"href":"https:\/\/pb.edu.pl\/chor\/wp-json\/wp\/v2\/types\/post"}],"author":[{"embeddable":true,"href":"https:\/\/pb.edu.pl\/chor\/wp-json\/wp\/v2\/users\/127"}],"replies":[{"embeddable":true,"href":"https:\/\/pb.edu.pl\/chor\/wp-json\/wp\/v2\/comments?post=1077"}],"version-history":[{"count":0,"href":"https:\/\/pb.edu.pl\/chor\/wp-json\/wp\/v2\/posts\/1077\/revisions"}],"wp:featuredmedia":[{"embeddable":true,"href":"https:\/\/pb.edu.pl\/chor\/wp-json\/wp\/v2\/media\/1078"}],"wp:attachment":[{"href":"https:\/\/pb.edu.pl\/chor\/wp-json\/wp\/v2\/media?parent=1077"}],"wp:term":[{"taxonomy":"category","embeddable":true,"href":"https:\/\/pb.edu.pl\/chor\/wp-json\/wp\/v2\/categories?post=1077"},{"taxonomy":"post_tag","embeddable":true,"href":"https:\/\/pb.edu.pl\/chor\/wp-json\/wp\/v2\/tags?post=1077"}],"curies":[{"name":"wp","href":"https:\/\/api.w.org\/{rel}","templated":true}]}}