{"id":1074,"date":"2025-08-28T12:31:06","date_gmt":"2025-08-28T10:31:06","guid":{"rendered":"https:\/\/pb.edu.pl\/chor\/?p=1074"},"modified":"2025-11-14T13:05:34","modified_gmt":"2025-11-14T12:05:34","slug":"koncert-piesni-sakralnej-w-sejnach","status":"publish","type":"post","link":"https:\/\/pb.edu.pl\/chor\/2025\/08\/28\/koncert-piesni-sakralnej-w-sejnach\/","title":{"rendered":"Koncert Pie\u015bni Sakralnej w Sejnach"},"content":{"rendered":"<p>28 sierpnia 2025 r. Ch\u00f3r Politechniki Bia\u0142ostockiej zapewni\u0142 opraw\u0119 mszy \u015bwi\u0119tej w Ko\u015bciele pw. Nawiedzenia Naj\u015bwi\u0119tszej Maryi Panny w Sejnach. Po mszy odby\u0142 si\u0119 koncert w wykonaniu ch\u00f3ru, podczas kt\u00f3rego zosta\u0142y zaprezentowane utwory muzyki sakralnej.&nbsp;<\/p>\n<p>Bardzo dzi\u0119kujemy Ksi\u0119dzu Proboszczowi za mo\u017cliwo\u015b\u0107 zorganizowania tego wyj\u0105tkowego wydarzenia.<\/p>\n","protected":false},"excerpt":{"rendered":"<p>28 sierpnia 2025 r. Ch\u00f3r Politechniki Bia\u0142ostockiej zapewni\u0142 opraw\u0119 mszy \u015bwi\u0119tej w Ko\u015bciele pw. Nawiedzenia<\/p>\n","protected":false},"author":127,"featured_media":1075,"comment_status":"closed","ping_status":"closed","sticky":false,"template":"","format":"standard","meta":{"_acf_changed":false,"ngg_post_thumbnail":0,"footnotes":""},"categories":[1,15],"tags":[],"class_list":["post-1074","post","type-post","status-publish","format-standard","has-post-thumbnail","hentry","category-home","category-kronika-2025"],"acf":[],"_links":{"self":[{"href":"https:\/\/pb.edu.pl\/chor\/wp-json\/wp\/v2\/posts\/1074","targetHints":{"allow":["GET"]}}],"collection":[{"href":"https:\/\/pb.edu.pl\/chor\/wp-json\/wp\/v2\/posts"}],"about":[{"href":"https:\/\/pb.edu.pl\/chor\/wp-json\/wp\/v2\/types\/post"}],"author":[{"embeddable":true,"href":"https:\/\/pb.edu.pl\/chor\/wp-json\/wp\/v2\/users\/127"}],"replies":[{"embeddable":true,"href":"https:\/\/pb.edu.pl\/chor\/wp-json\/wp\/v2\/comments?post=1074"}],"version-history":[{"count":0,"href":"https:\/\/pb.edu.pl\/chor\/wp-json\/wp\/v2\/posts\/1074\/revisions"}],"wp:featuredmedia":[{"embeddable":true,"href":"https:\/\/pb.edu.pl\/chor\/wp-json\/wp\/v2\/media\/1075"}],"wp:attachment":[{"href":"https:\/\/pb.edu.pl\/chor\/wp-json\/wp\/v2\/media?parent=1074"}],"wp:term":[{"taxonomy":"category","embeddable":true,"href":"https:\/\/pb.edu.pl\/chor\/wp-json\/wp\/v2\/categories?post=1074"},{"taxonomy":"post_tag","embeddable":true,"href":"https:\/\/pb.edu.pl\/chor\/wp-json\/wp\/v2\/tags?post=1074"}],"curies":[{"name":"wp","href":"https:\/\/api.w.org\/{rel}","templated":true}]}}