{"id":1056,"date":"2025-01-12T09:09:50","date_gmt":"2025-01-12T08:09:50","guid":{"rendered":"https:\/\/pb.edu.pl\/chor\/?p=1056"},"modified":"2025-01-15T18:30:11","modified_gmt":"2025-01-15T17:30:11","slug":"koncert-koled-2","status":"publish","type":"post","link":"https:\/\/pb.edu.pl\/chor\/2025\/01\/12\/koncert-koled-2\/","title":{"rendered":"Koncert kol\u0119d"},"content":{"rendered":"<div class=\"x11i5rnm xat24cr x1mh8g0r x1vvkbs xtlvy1s x126k92a\">\n<div dir=\"auto\">Ju\u017c 16 stycznia o godzinie 18:45 zapraszamy Was na niezwyk\u0142y wiecz\u00f3r pe\u0142en \u015bwi\u0105tecznej atmosfery i pi\u0119knej muzyki! <span style=\"font-size: 1.5rem\">Przy d\u017awi\u0119kach tradycyjnych polskich kol\u0119d i utwor\u00f3w \u015bwi\u0105tecznych z r\u00f3\u017cnych zak\u0105tk\u00f3w \u015bwiata przeniesiemy si\u0119 razem w magiczny klimat Bo\u017cego Narodzenia.<\/span><\/div>\n<\/div>\n<p>W ko\u015bciele pw. Zmartwychwstania Pa\u0144skiego w Bia\u0142ymstoku odb\u0119dzie si\u0119 koncert &#8222;Podlaskie kol\u0119dowanie&#8221;. Wyst\u0105pi\u0105 w nim: Ch\u00f3r Politechniki Bia\u0142ostockiej, Ch\u00f3r Komendy Wojew\u00f3dzkiej, Policji w Bia\u0142ymstoku oraz Zesp\u00f3\u0142 Artystyczny Pronar. Jako dyrygenci wyst\u0105pi\u0105: Wioletta Mi\u0142kowska, Hubert Bajko, Natalia Falkowska.<\/p>\n<p>Serdecznie zapraszamy. Wst\u0119p wolny.<\/p>\n<div>&nbsp;<\/div>\n","protected":false},"excerpt":{"rendered":"<p>Ju\u017c 16 stycznia o godzinie 18:45 zapraszamy Was na niezwyk\u0142y wiecz\u00f3r pe\u0142en \u015bwi\u0105tecznej atmosfery i<\/p>\n","protected":false},"author":127,"featured_media":1062,"comment_status":"open","ping_status":"open","sticky":false,"template":"","format":"standard","meta":{"_acf_changed":false,"ngg_post_thumbnail":0,"footnotes":""},"categories":[1],"tags":[],"class_list":["post-1056","post","type-post","status-publish","format-standard","has-post-thumbnail","hentry","category-home"],"acf":[],"_links":{"self":[{"href":"https:\/\/pb.edu.pl\/chor\/wp-json\/wp\/v2\/posts\/1056","targetHints":{"allow":["GET"]}}],"collection":[{"href":"https:\/\/pb.edu.pl\/chor\/wp-json\/wp\/v2\/posts"}],"about":[{"href":"https:\/\/pb.edu.pl\/chor\/wp-json\/wp\/v2\/types\/post"}],"author":[{"embeddable":true,"href":"https:\/\/pb.edu.pl\/chor\/wp-json\/wp\/v2\/users\/127"}],"replies":[{"embeddable":true,"href":"https:\/\/pb.edu.pl\/chor\/wp-json\/wp\/v2\/comments?post=1056"}],"version-history":[{"count":0,"href":"https:\/\/pb.edu.pl\/chor\/wp-json\/wp\/v2\/posts\/1056\/revisions"}],"wp:featuredmedia":[{"embeddable":true,"href":"https:\/\/pb.edu.pl\/chor\/wp-json\/wp\/v2\/media\/1062"}],"wp:attachment":[{"href":"https:\/\/pb.edu.pl\/chor\/wp-json\/wp\/v2\/media?parent=1056"}],"wp:term":[{"taxonomy":"category","embeddable":true,"href":"https:\/\/pb.edu.pl\/chor\/wp-json\/wp\/v2\/categories?post=1056"},{"taxonomy":"post_tag","embeddable":true,"href":"https:\/\/pb.edu.pl\/chor\/wp-json\/wp\/v2\/tags?post=1056"}],"curies":[{"name":"wp","href":"https:\/\/api.w.org\/{rel}","templated":true}]}}