{"id":2022,"date":"2023-09-04T14:50:46","date_gmt":"2023-09-04T12:50:46","guid":{"rendered":"https:\/\/pb.edu.pl\/brpm\/?p=2022"},"modified":"2023-11-30T14:52:42","modified_gmt":"2023-11-30T13:52:42","slug":"rekrutacja-do-fabryki-inzyniera-jesien-2023","status":"publish","type":"post","link":"https:\/\/pb.edu.pl\/brpm\/2023\/09\/04\/rekrutacja-do-fabryki-inzyniera-jesien-2023\/","title":{"rendered":"Rekrutacja do Fabryki In\u017cyniera &#8211; jesie\u0144 2023"},"content":{"rendered":"<h2><img loading=\"lazy\" decoding=\"async\" class=\"aligncenter size-full wp-image-1524\" src=\"https:\/\/pb.edu.pl\/brpm\/wp-content\/uploads\/sites\/6\/2022\/10\/belka-POWER_pl.jpg\" alt=\"\" width=\"1871\" height=\"183\" srcset=\"https:\/\/pb.edu.pl\/brpm\/wp-content\/uploads\/sites\/6\/2022\/10\/belka-POWER_pl.jpg 1871w, https:\/\/pb.edu.pl\/brpm\/wp-content\/uploads\/sites\/6\/2022\/10\/belka-POWER_pl-300x29.jpg 300w, https:\/\/pb.edu.pl\/brpm\/wp-content\/uploads\/sites\/6\/2022\/10\/belka-POWER_pl-1024x100.jpg 1024w, https:\/\/pb.edu.pl\/brpm\/wp-content\/uploads\/sites\/6\/2022\/10\/belka-POWER_pl-768x75.jpg 768w, https:\/\/pb.edu.pl\/brpm\/wp-content\/uploads\/sites\/6\/2022\/10\/belka-POWER_pl-1536x150.jpg 1536w\" sizes=\"auto, (max-width: 1871px) 100vw, 1871px\" \/><\/h2>\n<h2>W dniu <strong>05.09.2023 r.<\/strong> rusza rekrutacja na <strong>ostatni\u0105 edycj\u0119<\/strong> Fabryki In\u017cyniera w ramach trzech projekt\u00f3w zintegrowanych realizowanych przez Politechnik\u0119 Bia\u0142ostock\u0105, kt\u00f3ra potrwa do&nbsp;<strong>17.09.2023 r.<\/strong><\/h2>\n<p>Zapraszamy <strong>wszystkich student\u00f3w ostatnich 4-rech semestr\u00f3w I stopnia oraz wszystkich student\u00f3w z II stopnia studi\u00f3w stacjonarnych<\/strong> do udzia\u0142u w specjalnej rekrutacji do Fabryki In\u017cyniera. W ofercie nowe szkolenia certyfikowane, szkolenia kompetencyjne oraz wizyty studyjne w przedsi\u0119biorstwach.<\/p>\n<p><strong>Dzi\u0119ki realizacji wsparcia w ramach Fabryki In\u017cyniera macie mo\u017cliwo\u015b\u0107 przygotowa\u0107 si\u0119 do wej\u015bcia na rynek pracy poprzez pozyskanie niezb\u0119dnych szkole\u0144 wskazanych przez firmy jako po\u017c\u0105dane przez pracodawc\u00f3w.<\/strong><\/p>\n<p>Do udzia\u0142u w Fabryce In\u017cyniera w szczeg\u00f3lno\u015bci zapraszamy student\u00f3w, kt\u00f3rzy nie brali jeszcze udzia\u0142u w projektach PB2020, ZIREG oraz PB2.0. Nie mniej jednak uczestnictwo w jednym lub dw\u00f3ch z w\/w projekt\u00f3w nie wyklucza udzia\u0142u w trzecim.<\/p>\n<p>Osoby, kt\u00f3re nie bra\u0142y jeszcze udzia\u0142u w projektach, b\u0119d\u0105 mia\u0142y mo\u017cliwo\u015b\u0107 realizacji wi\u0119cej ni\u017c jednego szkolenia certyfikowanego przy za\u0142o\u017ceniu, i\u017c wezm\u0105 udzia\u0142 w kilku projektach jednocze\u015bnie.<\/p>\n<p>Dzia\u0142ania projektowe musz\u0105 zako\u0144czy\u0107 si\u0119 maksymalnie w po\u0142owie grudnia 2023 roku, wi\u0119c wsparcie b\u0119dzie realizowane g\u0142\u00f3wnie weekendowo w pa\u017adzierniku i listopadzie lub na pocz\u0105tku grudnia (szkolenia certyfikowane), dlatego te\u017c prosz\u0119 mie\u0107 to na uwadze, aby rezerwowa\u0107 weekendy na potrzeby projekt\u00f3w.<\/p>\n<h3>Fabryka In\u017cyniera sk\u0142ada si\u0119 z dw\u00f3ch obowi\u0105zkowych form wsparcia.<\/h3>\n<ol start=\"1\">\n<li><strong>Szkolenia certyfikowane<\/strong><\/li>\n<\/ol>\n<ol start=\"2\">\n<li><strong>Szkolenia kompetencyjne z zakresu:<\/strong><\/li>\n<\/ol>\n<ul>\n<li>\n<div class=\"elementor-price-list-header\"><span class=\"elementor-price-list-title\">komunikacji i pracy zespo\u0142owej w projektach<\/span><\/div>\n<\/li>\n<li>\n<div class=\"elementor-price-list-header\"><span class=\"elementor-price-list-title\">projektowania uniwersalnego<\/span><\/div>\n<\/li>\n<li>\n<div class=\"elementor-price-list-header\"><span class=\"elementor-price-list-title\">zr\u00f3wnowa\u017conego rozwoju<\/span><\/div>\n<\/li>\n<li>\n<div class=\"elementor-price-list-header\"><span class=\"elementor-price-list-title\">wybranych kompetencji cyfrowych<\/span><\/div>\n<\/li>\n<\/ul>\n<ol start=\"3\">\n<li><strong>Wizyty studyjne<\/strong><\/li>\n<\/ol>\n<p><span style=\"font-size: 12pt\"><a href=\"https:\/\/pb.edu.pl\/brpm\/biuro-ds-rozwoju-programow-miedzynarodowych\/realizowane-projekty\/fundusze-strukturalne\/oferta-szkolen-w-ramach-fabryki-inzyniera-2023\/\"><strong>Tu mo\u017cna zapozna\u0107 si\u0119 z oferowanym wsparciem w ramach projekt\u00f3w.<\/strong><\/a><\/span><\/p>\n<p>Dzia\u0142ania b\u0119d\u0105 realizowane w ramach projekt\u00f3w finansowanych z Programu Operacyjnego Wiedza Edukacja Rozw\u00f3j:<\/p>\n<ul>\n<li>PB2020 &#8211; Zintegrowany Program Rozwoju Politechniki Bia\u0142ostockiej<\/li>\n<li>PB2.0 &#8211; Zintegrowany Program Rozwoju<\/li>\n<li>ZIREG &#8211; Zintegrowany Program Politechniki Bia\u0142ostockiej na rzecz Rozwoju Regionalnego<\/li>\n<\/ul>\n<p><strong>Udzia\u0142&nbsp; jest w 100% bezp\u0142atny, finansowany ze \u015brodk\u00f3w UE.<\/strong><\/p>\n<p>Osoby zakwalifikowane do projektu zobligowane b\u0119d\u0105 do uczestnictwa w badaniu Bilansu Kompetencji na pocz\u0105tku i ko\u0144cu udzielanego wsparcia.<\/p>\n<p>Wsparcie planowane jest do realizacji <strong>w okresie pa\u017adziernik &#8211; grudzie\u0144 2023 r.:<\/strong><\/p>\n<ul>\n<li>Szkolenia certyfikowane prawdopodobnie w weekendy.<\/li>\n<li>Szkolenia kompetencyjne z: projektowania uniwersalnego, zr\u00f3wnowa\u017conego rozwoju, kompetencji cyfrowych &#8211; w formule nauki zdalnej do samodzielnej realizacji.<\/li>\n<\/ul>\n<h4>Przed wys\u0142aniem formularzy rekrutacyjnych prosimy o dok\u0142adne zapoznanie si\u0119 z dokumentami projekt\u00f3w w szczeg\u00f3lno\u015bci z regulaminami uczestnictwa w projektach dost\u0119pnymi na stronach projekt\u00f3w:<\/h4>\n<div>\n<ul>\n<li><a href=\"https:\/\/pb.edu.pl\/pb2020\/dokumenty\/regulamin-projektu\/\">PB2020<\/a><\/li>\n<li><a href=\"https:\/\/pb.edu.pl\/pb2\/dokumenty\/regulamin-projektu\/\">PB2.0<\/a><\/li>\n<li><a href=\"https:\/\/pb.edu.pl\/zireg\/zireg\/dokumenty\/regulamin\/\">ZIREG<\/a><\/li>\n<\/ul>\n<\/div>\n<div><strong>Zg\u0142oszenia nale\u017cy dokona\u0107 w formie elektronicznej poprzez:<\/strong><\/div>\n<p><span style=\"font-size: 16px\"><b>Rekrutacja zako\u0144czona.<\/b><\/span><\/p>\n<div>W formularzu rekrutacyjnym nale\u017cy zaznaczy\u0107 w ramach, kt\u00f3rego projektu wnioskuj\u0105 Pa\u0144stwo wzi\u0105\u0107 udzia\u0142:<\/div>\n<ul>\n<li>PB2020&nbsp;<\/li>\n<li>PB2.0&nbsp;<\/li>\n<li>ZIREG&nbsp;<\/li>\n<\/ul>\n<p>Decyzj\u0119 o kwalifikacji do danego projektu podejmuje Manager projektu.<\/p>\n<p>W razie pyta\u0144 prosimy o kontakt z Biurem Obs\u0142ugi Projekt\u00f3w pod nr tel. 85 746 93 37<\/p>\n","protected":false},"excerpt":{"rendered":"<p>W dniu 05.09.2023 r. rusza rekrutacja na ostatni\u0105 edycj\u0119 Fabryki In\u017cyniera w ramach trzech projekt\u00f3w<\/p>\n","protected":false},"author":33,"featured_media":80,"comment_status":"open","ping_status":"open","sticky":false,"template":"","format":"standard","meta":{"_acf_changed":false,"ngg_post_thumbnail":0,"footnotes":""},"categories":[5],"tags":[],"class_list":["post-2022","post","type-post","status-publish","format-standard","has-post-thumbnail","hentry","category-bripm"],"acf":[],"_links":{"self":[{"href":"https:\/\/pb.edu.pl\/brpm\/wp-json\/wp\/v2\/posts\/2022","targetHints":{"allow":["GET"]}}],"collection":[{"href":"https:\/\/pb.edu.pl\/brpm\/wp-json\/wp\/v2\/posts"}],"about":[{"href":"https:\/\/pb.edu.pl\/brpm\/wp-json\/wp\/v2\/types\/post"}],"author":[{"embeddable":true,"href":"https:\/\/pb.edu.pl\/brpm\/wp-json\/wp\/v2\/users\/33"}],"replies":[{"embeddable":true,"href":"https:\/\/pb.edu.pl\/brpm\/wp-json\/wp\/v2\/comments?post=2022"}],"version-history":[{"count":0,"href":"https:\/\/pb.edu.pl\/brpm\/wp-json\/wp\/v2\/posts\/2022\/revisions"}],"wp:featuredmedia":[{"embeddable":true,"href":"https:\/\/pb.edu.pl\/brpm\/wp-json\/wp\/v2\/media\/80"}],"wp:attachment":[{"href":"https:\/\/pb.edu.pl\/brpm\/wp-json\/wp\/v2\/media?parent=2022"}],"wp:term":[{"taxonomy":"category","embeddable":true,"href":"https:\/\/pb.edu.pl\/brpm\/wp-json\/wp\/v2\/categories?post=2022"},{"taxonomy":"post_tag","embeddable":true,"href":"https:\/\/pb.edu.pl\/brpm\/wp-json\/wp\/v2\/tags?post=2022"}],"curies":[{"name":"wp","href":"https:\/\/api.w.org\/{rel}","templated":true}]}}