{"id":389,"date":"2021-07-15T13:51:38","date_gmt":"2021-07-15T11:51:38","guid":{"rendered":"https:\/\/pb.edu.pl\/bon\/?p=389"},"modified":"2021-07-15T13:53:55","modified_gmt":"2021-07-15T11:53:55","slug":"projekt-milosnicy-czytania-ksiazka-dla-niepelnosprawnych-mieszkancow-bialegostoku","status":"publish","type":"post","link":"https:\/\/pb.edu.pl\/bon\/2021\/07\/15\/projekt-milosnicy-czytania-ksiazka-dla-niepelnosprawnych-mieszkancow-bialegostoku\/","title":{"rendered":"Projekt \u201eMi\u0142o\u015bnicy czytania \u2013 ksi\u0105\u017cka dla niepe\u0142nosprawnych mieszka\u0144c\u00f3w Bia\u0142egostoku\u201d"},"content":{"rendered":"<p><a href=\"http:\/\/www.szansadlaniewidomych.org\/\">Fundacja Szansa Dla Niewidomych<\/a> zaprasza do udzia\u0142u w projekcie: <a href=\"http:\/\/www.szansadlaniewidomych.org\/index.php\/2021\/06\/18\/tyflopunkt-w-bialymstoku-zaprasza-do-udzialu-w-projekcie-milosnicy-czytania-ksiazka-dla-niepelnosprawnych-mieszkancow-bialegostoku\/\">&#8222;Mi\u0142o\u015bnicy czytania &#8211; ksi\u0105\u017cka dla niepe\u0142nosprawnych mieszka\u0144c\u00f3w Bia\u0142egostoku&#8221;<\/a>.<\/p>\n<p>W ramach projektu realizowane b\u0119d\u0105 spotkania promuj\u0105ce czytelnictwo, na kt\u00f3rych rozdane zostan\u0105 ksi\u0105\u017cki w r\u00f3\u017cnych formatach: czarnodruku, alfabecie Braille\u2019a, druku transparentnym oraz audiobooki. Na zako\u0144czenie projektu kilkoro ch\u0119tnych uczestnik\u00f3w wypowie si\u0119 na temat przeczytanej przez siebie publikacji w kr\u00f3tkim materiale wideo.<\/p>\n<p>Projekt skierowany jest do os\u00f3b z niepe\u0142nosprawno\u015bciami zamieszka\u0142ych na terenie miasta Bia\u0142egostoku. Liczba miejsc ograniczona.<\/p>\n<p>Dodatkowo cz\u0119\u015b\u0107 publikacji zostanie przekazana organizacjom pozarz\u0105dowym, instytucjom kultury, bibliotekom oraz szko\u0142om mieszcz\u0105cym si\u0119 na terenie miasta.<\/p>\n<p>Kontakt:<br \/>\nFundacji Szansa dla Niewidomych <a href=\"http:\/\/www.szansadlaniewidomych.org\/index.php\/tyflopunkty-2\/\">Tyflopunkt w Bia\u0142ymstoku<\/a><br \/>\nul. Legionowa 14\/16 lok. 203<br \/>\ntel. kom.: 695-966-545<br \/>\ne-mail: <a href=\"mailto:bialystok@szansadlaniewidomych.org\">bialystok@szansadlaniewidomych.org<\/a><\/p>\n<p>Szczeg\u00f3\u0142y na <a href=\"http:\/\/www.szansadlaniewidomych.org\/index.php\/2021\/06\/18\/tyflopunkt-w-bialymstoku-zaprasza-do-udzialu-w-projekcie-milosnicy-czytania-ksiazka-dla-niepelnosprawnych-mieszkancow-bialegostoku\/\">stronie<\/a> oraz <a href=\"https:\/\/www.facebook.com\/Szansa\/posts\/4122602384487588\">fb<\/a><\/p>\n<p>Zadanie finansowane ze \u015brodk\u00f3w <a href=\"https:\/\/www.pfron.org.pl\/\">Pa\u0144stwowego Funduszu Rehabilitacji Os\u00f3b Niepe\u0142nosprawnych.<\/a><\/p>\n","protected":false},"excerpt":{"rendered":"<p>Fundacja Szansa Dla Niewidomych zaprasza do udzia\u0142u w projekcie: &#8222;Mi\u0142o\u015bnicy czytania &#8211; ksi\u0105\u017cka dla niepe\u0142nosprawnych<\/p>\n","protected":false},"author":91,"featured_media":390,"comment_status":"open","ping_status":"open","sticky":false,"template":"","format":"standard","meta":{"_acf_changed":false,"ngg_post_thumbnail":0,"footnotes":""},"categories":[1],"tags":[],"class_list":["post-389","post","type-post","status-publish","format-standard","has-post-thumbnail","hentry","category-home"],"acf":[],"yoast_head":"<!-- This site is optimized with the Yoast SEO plugin v27.0 - https:\/\/yoast.com\/product\/yoast-seo-wordpress\/ -->\n<title>Aktualno\u015bci BON - Projekt \u201eMi\u0142o\u015bnicy czytania \u2013 ksi\u0105\u017cka dla niepe\u0142nosprawnych mieszka\u0144c\u00f3w Bia\u0142egostoku\u201d<\/title>\n<meta name=\"robots\" content=\"index, follow, max-snippet:-1, max-image-preview:large, max-video-preview:-1\" \/>\n<link rel=\"canonical\" href=\"https:\/\/pb.edu.pl\/bon\/2021\/07\/15\/projekt-milosnicy-czytania-ksiazka-dla-niepelnosprawnych-mieszkancow-bialegostoku\/\" \/>\n<meta property=\"og:locale\" content=\"pl_PL\" \/>\n<meta property=\"og:type\" content=\"article\" \/>\n<meta property=\"og:title\" content=\"Aktualno\u015bci BON - Projekt \u201eMi\u0142o\u015bnicy czytania \u2013 ksi\u0105\u017cka dla niepe\u0142nosprawnych mieszka\u0144c\u00f3w Bia\u0142egostoku\u201d\" \/>\n<meta property=\"og:description\" content=\"Fundacja Szansa Dla Niewidomych zaprasza do udzia\u0142u w projekcie: &#8222;Mi\u0142o\u015bnicy czytania &#8211; ksi\u0105\u017cka dla niepe\u0142nosprawnych\" \/>\n<meta property=\"og:url\" content=\"https:\/\/pb.edu.pl\/bon\/2021\/07\/15\/projekt-milosnicy-czytania-ksiazka-dla-niepelnosprawnych-mieszkancow-bialegostoku\/\" \/>\n<meta property=\"og:site_name\" content=\"Biuro ds. Os\u00f3b z Niepe\u0142nosprawno\u015bciami PB\" \/>\n<meta property=\"article:published_time\" content=\"2021-07-15T11:51:38+00:00\" \/>\n<meta property=\"article:modified_time\" content=\"2021-07-15T11:53:55+00:00\" \/>\n<meta property=\"og:image\" content=\"https:\/\/pb.edu.pl\/bon\/wp-content\/uploads\/sites\/61\/2021\/07\/Milosnicy-czytania-grafika-promujaca.png\" \/>\n\t<meta property=\"og:image:width\" content=\"800\" \/>\n\t<meta property=\"og:image:height\" content=\"800\" \/>\n\t<meta property=\"og:image:type\" content=\"image\/png\" \/>\n<meta name=\"author\" content=\"tjastrzebski\" \/>\n<meta name=\"twitter:card\" content=\"summary_large_image\" \/>\n<meta name=\"twitter:label1\" content=\"Napisane przez\" \/>\n\t<meta name=\"twitter:data1\" content=\"tjastrzebski\" \/>\n\t<meta name=\"twitter:label2\" content=\"Szacowany czas czytania\" \/>\n\t<meta name=\"twitter:data2\" content=\"1 minuta\" \/>\n<script type=\"application\/ld+json\" class=\"yoast-schema-graph\">{\"@context\":\"https:\/\/schema.org\",\"@graph\":[{\"@type\":\"Article\",\"@id\":\"https:\/\/pb.edu.pl\/bon\/2021\/07\/15\/projekt-milosnicy-czytania-ksiazka-dla-niepelnosprawnych-mieszkancow-bialegostoku\/#article\",\"isPartOf\":{\"@id\":\"https:\/\/pb.edu.pl\/bon\/2021\/07\/15\/projekt-milosnicy-czytania-ksiazka-dla-niepelnosprawnych-mieszkancow-bialegostoku\/\"},\"author\":{\"name\":\"tjastrzebski\",\"@id\":\"https:\/\/pb.edu.pl\/bon\/#\/schema\/person\/cfc864f45d6e0e0d0ea89b50ed704692\"},\"headline\":\"Projekt \u201eMi\u0142o\u015bnicy czytania \u2013 ksi\u0105\u017cka dla niepe\u0142nosprawnych mieszka\u0144c\u00f3w Bia\u0142egostoku\u201d\",\"datePublished\":\"2021-07-15T11:51:38+00:00\",\"dateModified\":\"2021-07-15T11:53:55+00:00\",\"mainEntityOfPage\":{\"@id\":\"https:\/\/pb.edu.pl\/bon\/2021\/07\/15\/projekt-milosnicy-czytania-ksiazka-dla-niepelnosprawnych-mieszkancow-bialegostoku\/\"},\"wordCount\":170,\"commentCount\":0,\"image\":{\"@id\":\"https:\/\/pb.edu.pl\/bon\/2021\/07\/15\/projekt-milosnicy-czytania-ksiazka-dla-niepelnosprawnych-mieszkancow-bialegostoku\/#primaryimage\"},\"thumbnailUrl\":\"https:\/\/pb.edu.pl\/bon\/wp-content\/uploads\/sites\/61\/2021\/07\/Milosnicy-czytania-grafika-promujaca.png\",\"articleSection\":[\"Home\"],\"inLanguage\":\"pl-PL\"},{\"@type\":\"WebPage\",\"@id\":\"https:\/\/pb.edu.pl\/bon\/2021\/07\/15\/projekt-milosnicy-czytania-ksiazka-dla-niepelnosprawnych-mieszkancow-bialegostoku\/\",\"url\":\"https:\/\/pb.edu.pl\/bon\/2021\/07\/15\/projekt-milosnicy-czytania-ksiazka-dla-niepelnosprawnych-mieszkancow-bialegostoku\/\",\"name\":\"Aktualno\u015bci BON - Projekt \u201eMi\u0142o\u015bnicy czytania \u2013 ksi\u0105\u017cka dla niepe\u0142nosprawnych mieszka\u0144c\u00f3w Bia\u0142egostoku\u201d\",\"isPartOf\":{\"@id\":\"https:\/\/pb.edu.pl\/bon\/#website\"},\"primaryImageOfPage\":{\"@id\":\"https:\/\/pb.edu.pl\/bon\/2021\/07\/15\/projekt-milosnicy-czytania-ksiazka-dla-niepelnosprawnych-mieszkancow-bialegostoku\/#primaryimage\"},\"image\":{\"@id\":\"https:\/\/pb.edu.pl\/bon\/2021\/07\/15\/projekt-milosnicy-czytania-ksiazka-dla-niepelnosprawnych-mieszkancow-bialegostoku\/#primaryimage\"},\"thumbnailUrl\":\"https:\/\/pb.edu.pl\/bon\/wp-content\/uploads\/sites\/61\/2021\/07\/Milosnicy-czytania-grafika-promujaca.png\",\"datePublished\":\"2021-07-15T11:51:38+00:00\",\"dateModified\":\"2021-07-15T11:53:55+00:00\",\"author\":{\"@id\":\"https:\/\/pb.edu.pl\/bon\/#\/schema\/person\/cfc864f45d6e0e0d0ea89b50ed704692\"},\"breadcrumb\":{\"@id\":\"https:\/\/pb.edu.pl\/bon\/2021\/07\/15\/projekt-milosnicy-czytania-ksiazka-dla-niepelnosprawnych-mieszkancow-bialegostoku\/#breadcrumb\"},\"inLanguage\":\"pl-PL\",\"potentialAction\":[{\"@type\":\"ReadAction\",\"target\":[\"https:\/\/pb.edu.pl\/bon\/2021\/07\/15\/projekt-milosnicy-czytania-ksiazka-dla-niepelnosprawnych-mieszkancow-bialegostoku\/\"]}]},{\"@type\":\"ImageObject\",\"inLanguage\":\"pl-PL\",\"@id\":\"https:\/\/pb.edu.pl\/bon\/2021\/07\/15\/projekt-milosnicy-czytania-ksiazka-dla-niepelnosprawnych-mieszkancow-bialegostoku\/#primaryimage\",\"url\":\"https:\/\/pb.edu.pl\/bon\/wp-content\/uploads\/sites\/61\/2021\/07\/Milosnicy-czytania-grafika-promujaca.png\",\"contentUrl\":\"https:\/\/pb.edu.pl\/bon\/wp-content\/uploads\/sites\/61\/2021\/07\/Milosnicy-czytania-grafika-promujaca.png\",\"width\":800,\"height\":800,\"caption\":\"napis: Mi\u0142o\u015bnicy czytania - ksi\u0105\u017cka dla niepe\u0142nosprawnych mieszka\u0144c\u00f3w Bia\u0142egostoku na tle ksi\u0105\u017cek\"},{\"@type\":\"BreadcrumbList\",\"@id\":\"https:\/\/pb.edu.pl\/bon\/2021\/07\/15\/projekt-milosnicy-czytania-ksiazka-dla-niepelnosprawnych-mieszkancow-bialegostoku\/#breadcrumb\",\"itemListElement\":[{\"@type\":\"ListItem\",\"position\":1,\"name\":\"Strona g\u0142\u00f3wna\",\"item\":\"https:\/\/pb.edu.pl\/bon\/\"},{\"@type\":\"ListItem\",\"position\":2,\"name\":\"Projekt \u201eMi\u0142o\u015bnicy czytania \u2013 ksi\u0105\u017cka dla niepe\u0142nosprawnych mieszka\u0144c\u00f3w Bia\u0142egostoku\u201d\"}]},{\"@type\":\"WebSite\",\"@id\":\"https:\/\/pb.edu.pl\/bon\/#website\",\"url\":\"https:\/\/pb.edu.pl\/bon\/\",\"name\":\"Biuro ds. Os\u00f3b z Niepe\u0142nosprawno\u015bciami PB\",\"description\":\"Politechniki Bia\u0142ostockiej\",\"potentialAction\":[{\"@type\":\"SearchAction\",\"target\":{\"@type\":\"EntryPoint\",\"urlTemplate\":\"https:\/\/pb.edu.pl\/bon\/?s={search_term_string}\"},\"query-input\":{\"@type\":\"PropertyValueSpecification\",\"valueRequired\":true,\"valueName\":\"search_term_string\"}}],\"inLanguage\":\"pl-PL\"},{\"@type\":\"Person\",\"@id\":\"https:\/\/pb.edu.pl\/bon\/#\/schema\/person\/cfc864f45d6e0e0d0ea89b50ed704692\",\"name\":\"tjastrzebski\",\"image\":{\"@type\":\"ImageObject\",\"inLanguage\":\"pl-PL\",\"@id\":\"https:\/\/pb.edu.pl\/bon\/#\/schema\/person\/image\/\",\"url\":\"https:\/\/secure.gravatar.com\/avatar\/2a0d6e901085bdc4a5c660413a0a2aa2a8794c1580a93fb3ae9cdc56efbb6a29?s=96&d=mm&r=g\",\"contentUrl\":\"https:\/\/secure.gravatar.com\/avatar\/2a0d6e901085bdc4a5c660413a0a2aa2a8794c1580a93fb3ae9cdc56efbb6a29?s=96&d=mm&r=g\",\"caption\":\"tjastrzebski\"},\"url\":\"https:\/\/pb.edu.pl\/bon\/author\/tjastrzebski\/\"}]}<\/script>\n<!-- \/ Yoast SEO plugin. -->","yoast_head_json":{"title":"Aktualno\u015bci BON - Projekt \u201eMi\u0142o\u015bnicy czytania \u2013 ksi\u0105\u017cka dla niepe\u0142nosprawnych mieszka\u0144c\u00f3w Bia\u0142egostoku\u201d","robots":{"index":"index","follow":"follow","max-snippet":"max-snippet:-1","max-image-preview":"max-image-preview:large","max-video-preview":"max-video-preview:-1"},"canonical":"https:\/\/pb.edu.pl\/bon\/2021\/07\/15\/projekt-milosnicy-czytania-ksiazka-dla-niepelnosprawnych-mieszkancow-bialegostoku\/","og_locale":"pl_PL","og_type":"article","og_title":"Aktualno\u015bci BON - Projekt \u201eMi\u0142o\u015bnicy czytania \u2013 ksi\u0105\u017cka dla niepe\u0142nosprawnych mieszka\u0144c\u00f3w Bia\u0142egostoku\u201d","og_description":"Fundacja Szansa Dla Niewidomych zaprasza do udzia\u0142u w projekcie: &#8222;Mi\u0142o\u015bnicy czytania &#8211; ksi\u0105\u017cka dla niepe\u0142nosprawnych","og_url":"https:\/\/pb.edu.pl\/bon\/2021\/07\/15\/projekt-milosnicy-czytania-ksiazka-dla-niepelnosprawnych-mieszkancow-bialegostoku\/","og_site_name":"Biuro ds. Os\u00f3b z Niepe\u0142nosprawno\u015bciami PB","article_published_time":"2021-07-15T11:51:38+00:00","article_modified_time":"2021-07-15T11:53:55+00:00","og_image":[{"width":800,"height":800,"url":"https:\/\/pb.edu.pl\/bon\/wp-content\/uploads\/sites\/61\/2021\/07\/Milosnicy-czytania-grafika-promujaca.png","type":"image\/png"}],"author":"tjastrzebski","twitter_card":"summary_large_image","twitter_misc":{"Napisane przez":"tjastrzebski","Szacowany czas czytania":"1 minuta"},"schema":{"@context":"https:\/\/schema.org","@graph":[{"@type":"Article","@id":"https:\/\/pb.edu.pl\/bon\/2021\/07\/15\/projekt-milosnicy-czytania-ksiazka-dla-niepelnosprawnych-mieszkancow-bialegostoku\/#article","isPartOf":{"@id":"https:\/\/pb.edu.pl\/bon\/2021\/07\/15\/projekt-milosnicy-czytania-ksiazka-dla-niepelnosprawnych-mieszkancow-bialegostoku\/"},"author":{"name":"tjastrzebski","@id":"https:\/\/pb.edu.pl\/bon\/#\/schema\/person\/cfc864f45d6e0e0d0ea89b50ed704692"},"headline":"Projekt \u201eMi\u0142o\u015bnicy czytania \u2013 ksi\u0105\u017cka dla niepe\u0142nosprawnych mieszka\u0144c\u00f3w Bia\u0142egostoku\u201d","datePublished":"2021-07-15T11:51:38+00:00","dateModified":"2021-07-15T11:53:55+00:00","mainEntityOfPage":{"@id":"https:\/\/pb.edu.pl\/bon\/2021\/07\/15\/projekt-milosnicy-czytania-ksiazka-dla-niepelnosprawnych-mieszkancow-bialegostoku\/"},"wordCount":170,"commentCount":0,"image":{"@id":"https:\/\/pb.edu.pl\/bon\/2021\/07\/15\/projekt-milosnicy-czytania-ksiazka-dla-niepelnosprawnych-mieszkancow-bialegostoku\/#primaryimage"},"thumbnailUrl":"https:\/\/pb.edu.pl\/bon\/wp-content\/uploads\/sites\/61\/2021\/07\/Milosnicy-czytania-grafika-promujaca.png","articleSection":["Home"],"inLanguage":"pl-PL"},{"@type":"WebPage","@id":"https:\/\/pb.edu.pl\/bon\/2021\/07\/15\/projekt-milosnicy-czytania-ksiazka-dla-niepelnosprawnych-mieszkancow-bialegostoku\/","url":"https:\/\/pb.edu.pl\/bon\/2021\/07\/15\/projekt-milosnicy-czytania-ksiazka-dla-niepelnosprawnych-mieszkancow-bialegostoku\/","name":"Aktualno\u015bci BON - Projekt \u201eMi\u0142o\u015bnicy czytania \u2013 ksi\u0105\u017cka dla niepe\u0142nosprawnych mieszka\u0144c\u00f3w Bia\u0142egostoku\u201d","isPartOf":{"@id":"https:\/\/pb.edu.pl\/bon\/#website"},"primaryImageOfPage":{"@id":"https:\/\/pb.edu.pl\/bon\/2021\/07\/15\/projekt-milosnicy-czytania-ksiazka-dla-niepelnosprawnych-mieszkancow-bialegostoku\/#primaryimage"},"image":{"@id":"https:\/\/pb.edu.pl\/bon\/2021\/07\/15\/projekt-milosnicy-czytania-ksiazka-dla-niepelnosprawnych-mieszkancow-bialegostoku\/#primaryimage"},"thumbnailUrl":"https:\/\/pb.edu.pl\/bon\/wp-content\/uploads\/sites\/61\/2021\/07\/Milosnicy-czytania-grafika-promujaca.png","datePublished":"2021-07-15T11:51:38+00:00","dateModified":"2021-07-15T11:53:55+00:00","author":{"@id":"https:\/\/pb.edu.pl\/bon\/#\/schema\/person\/cfc864f45d6e0e0d0ea89b50ed704692"},"breadcrumb":{"@id":"https:\/\/pb.edu.pl\/bon\/2021\/07\/15\/projekt-milosnicy-czytania-ksiazka-dla-niepelnosprawnych-mieszkancow-bialegostoku\/#breadcrumb"},"inLanguage":"pl-PL","potentialAction":[{"@type":"ReadAction","target":["https:\/\/pb.edu.pl\/bon\/2021\/07\/15\/projekt-milosnicy-czytania-ksiazka-dla-niepelnosprawnych-mieszkancow-bialegostoku\/"]}]},{"@type":"ImageObject","inLanguage":"pl-PL","@id":"https:\/\/pb.edu.pl\/bon\/2021\/07\/15\/projekt-milosnicy-czytania-ksiazka-dla-niepelnosprawnych-mieszkancow-bialegostoku\/#primaryimage","url":"https:\/\/pb.edu.pl\/bon\/wp-content\/uploads\/sites\/61\/2021\/07\/Milosnicy-czytania-grafika-promujaca.png","contentUrl":"https:\/\/pb.edu.pl\/bon\/wp-content\/uploads\/sites\/61\/2021\/07\/Milosnicy-czytania-grafika-promujaca.png","width":800,"height":800,"caption":"napis: Mi\u0142o\u015bnicy czytania - ksi\u0105\u017cka dla niepe\u0142nosprawnych mieszka\u0144c\u00f3w Bia\u0142egostoku na tle ksi\u0105\u017cek"},{"@type":"BreadcrumbList","@id":"https:\/\/pb.edu.pl\/bon\/2021\/07\/15\/projekt-milosnicy-czytania-ksiazka-dla-niepelnosprawnych-mieszkancow-bialegostoku\/#breadcrumb","itemListElement":[{"@type":"ListItem","position":1,"name":"Strona g\u0142\u00f3wna","item":"https:\/\/pb.edu.pl\/bon\/"},{"@type":"ListItem","position":2,"name":"Projekt \u201eMi\u0142o\u015bnicy czytania \u2013 ksi\u0105\u017cka dla niepe\u0142nosprawnych mieszka\u0144c\u00f3w Bia\u0142egostoku\u201d"}]},{"@type":"WebSite","@id":"https:\/\/pb.edu.pl\/bon\/#website","url":"https:\/\/pb.edu.pl\/bon\/","name":"Biuro ds. Os\u00f3b z Niepe\u0142nosprawno\u015bciami PB","description":"Politechniki Bia\u0142ostockiej","potentialAction":[{"@type":"SearchAction","target":{"@type":"EntryPoint","urlTemplate":"https:\/\/pb.edu.pl\/bon\/?s={search_term_string}"},"query-input":{"@type":"PropertyValueSpecification","valueRequired":true,"valueName":"search_term_string"}}],"inLanguage":"pl-PL"},{"@type":"Person","@id":"https:\/\/pb.edu.pl\/bon\/#\/schema\/person\/cfc864f45d6e0e0d0ea89b50ed704692","name":"tjastrzebski","image":{"@type":"ImageObject","inLanguage":"pl-PL","@id":"https:\/\/pb.edu.pl\/bon\/#\/schema\/person\/image\/","url":"https:\/\/secure.gravatar.com\/avatar\/2a0d6e901085bdc4a5c660413a0a2aa2a8794c1580a93fb3ae9cdc56efbb6a29?s=96&d=mm&r=g","contentUrl":"https:\/\/secure.gravatar.com\/avatar\/2a0d6e901085bdc4a5c660413a0a2aa2a8794c1580a93fb3ae9cdc56efbb6a29?s=96&d=mm&r=g","caption":"tjastrzebski"},"url":"https:\/\/pb.edu.pl\/bon\/author\/tjastrzebski\/"}]}},"_links":{"self":[{"href":"https:\/\/pb.edu.pl\/bon\/wp-json\/wp\/v2\/posts\/389","targetHints":{"allow":["GET"]}}],"collection":[{"href":"https:\/\/pb.edu.pl\/bon\/wp-json\/wp\/v2\/posts"}],"about":[{"href":"https:\/\/pb.edu.pl\/bon\/wp-json\/wp\/v2\/types\/post"}],"author":[{"embeddable":true,"href":"https:\/\/pb.edu.pl\/bon\/wp-json\/wp\/v2\/users\/91"}],"replies":[{"embeddable":true,"href":"https:\/\/pb.edu.pl\/bon\/wp-json\/wp\/v2\/comments?post=389"}],"version-history":[{"count":0,"href":"https:\/\/pb.edu.pl\/bon\/wp-json\/wp\/v2\/posts\/389\/revisions"}],"wp:featuredmedia":[{"embeddable":true,"href":"https:\/\/pb.edu.pl\/bon\/wp-json\/wp\/v2\/media\/390"}],"wp:attachment":[{"href":"https:\/\/pb.edu.pl\/bon\/wp-json\/wp\/v2\/media?parent=389"}],"wp:term":[{"taxonomy":"category","embeddable":true,"href":"https:\/\/pb.edu.pl\/bon\/wp-json\/wp\/v2\/categories?post=389"},{"taxonomy":"post_tag","embeddable":true,"href":"https:\/\/pb.edu.pl\/bon\/wp-json\/wp\/v2\/tags?post=389"}],"curies":[{"name":"wp","href":"https:\/\/api.w.org\/{rel}","templated":true}]}}