{"id":1839,"date":"2025-04-18T12:47:11","date_gmt":"2025-04-18T10:47:11","guid":{"rendered":"https:\/\/pb.edu.pl\/bon\/?p=1839"},"modified":"2025-04-18T12:47:11","modified_gmt":"2025-04-18T10:47:11","slug":"projekt-inspiratorium-kariery-iii","status":"publish","type":"post","link":"https:\/\/pb.edu.pl\/bon\/2025\/04\/18\/projekt-inspiratorium-kariery-iii\/","title":{"rendered":"Projekt &#8222;Inspiratorium Kariery III&#8221;"},"content":{"rendered":"<p>&#8222;Inspiratorium Kariery III&#8221; to projekt <a href=\"https:\/\/www.faz.org.pl\/\">Fundacji Aktywno\u015bci Zawodowej<\/a> realizowany ze \u015brodk\u00f3w PFRON w ramach konkursu ABSOLWENT II.<br \/>\nCelem projektu jest aktywizacja zawodowa os\u00f3b z niepe\u0142nosprawno\u015bciami, kt\u00f3re posiadaj\u0105 wykszta\u0142cenie wy\u017csze lub realizuj\u0105 ostatni lub przedostatni semestr nauki w szkole wy\u017cszej.<\/p>\n<p><strong>Projekt jest dedykowany:<\/strong><\/p>\n<ul>\n<li>Studentom ostatniego roku lub absolwent\u00f3w, kt\u00f3rzy sko\u0144czyli studia w ci\u0105gu ostatnich 5 lat (studia dzienne, zaoczne, podyplomowe, doktoranckie),<\/li>\n<li>S\u0105 osobami bezrobotnymi,<\/li>\n<li>Posiadaj\u0105 wa\u017cne orzeczenie o niepe\u0142nosprawno\u015bci.<\/li>\n<\/ul>\n<p><strong>Uczestnikom projektu oferujemy:<\/strong><\/p>\n<ul>\n<li>Trzymiesi\u0119czne, p\u0142atne sta\u017ce zawodowe,<\/li>\n<li>Specjalistyczne szkolenia i kursy zawodowe,<\/li>\n<li>Warsztaty rozwijaj\u0105ce kompetencje mi\u0119kkie oraz cyfrowe,<\/li>\n<li>Indywidualne wsparcie po\u015brednika pracy, doradcy zawodowego i mentora,<\/li>\n<li>Konsultacje psychologiczne oraz porady prawne.<\/li>\n<\/ul>\n<p>Udzia\u0142 w projekcie odbywa si\u0119 w pe\u0142ni zdalnie, co umo\u017cliwia uczestnictwo osobom z r\u00f3\u017cnych cz\u0119\u015bci kraju.<\/p>\n<p>Rekrutacja do projektu trwa <strong>do <\/strong><strong>30.06.2025<\/strong>\u2013 o zakwalifikowaniu decyduje kolejno\u015b\u0107 zg\u0142osze\u0144.<\/p>\n<p>Formularz kontaktowy: <a href=\"https:\/\/forms.gle\/AX5pwYBEMCdM7QUP7\">Kliknij tutaj<\/a><\/p>\n<p>Wi\u0119cej informacji <a href=\"https:\/\/www.faz.org.pl\/\">Fundacja Aktywno\u015bci Zawodowej<\/a> <a href=\"https:\/\/www.facebook.com\/FundacjaAktywnosciZawodowej\/\">https:\/\/www.facebook.com\/FundacjaAktywnosciZawodowej\/<\/a><br \/>\nTel: 736 858 551, email:&nbsp;<a href=\"mailto:biuro@faz.org.pl\">biuro@faz.org.pl<\/a><\/p>\n","protected":false},"excerpt":{"rendered":"<p>&#8222;Inspiratorium Kariery III&#8221; to projekt Fundacji Aktywno\u015bci Zawodowej realizowany ze \u015brodk\u00f3w PFRON w ramach konkursu<\/p>\n","protected":false},"author":91,"featured_media":1840,"comment_status":"open","ping_status":"open","sticky":false,"template":"","format":"standard","meta":{"_acf_changed":false,"ngg_post_thumbnail":0,"footnotes":""},"categories":[1],"tags":[],"class_list":["post-1839","post","type-post","status-publish","format-standard","has-post-thumbnail","hentry","category-home"],"acf":[],"yoast_head":"<!-- This site is optimized with the Yoast SEO plugin v27.0 - https:\/\/yoast.com\/product\/yoast-seo-wordpress\/ -->\n<title>Aktualno\u015bci BON - Projekt &quot;Inspiratorium Kariery III&quot;<\/title>\n<meta name=\"robots\" content=\"index, follow, max-snippet:-1, max-image-preview:large, max-video-preview:-1\" \/>\n<link rel=\"canonical\" href=\"https:\/\/pb.edu.pl\/bon\/2025\/04\/18\/projekt-inspiratorium-kariery-iii\/\" \/>\n<meta property=\"og:locale\" content=\"pl_PL\" \/>\n<meta property=\"og:type\" content=\"article\" \/>\n<meta property=\"og:title\" content=\"Aktualno\u015bci BON - Projekt &quot;Inspiratorium Kariery III&quot;\" \/>\n<meta property=\"og:description\" content=\"&#8222;Inspiratorium Kariery III&#8221; to projekt Fundacji Aktywno\u015bci Zawodowej realizowany ze \u015brodk\u00f3w PFRON w ramach konkursu\" \/>\n<meta property=\"og:url\" content=\"https:\/\/pb.edu.pl\/bon\/2025\/04\/18\/projekt-inspiratorium-kariery-iii\/\" \/>\n<meta property=\"og:site_name\" content=\"Biuro ds. Os\u00f3b z Niepe\u0142nosprawno\u015bciami PB\" \/>\n<meta property=\"article:published_time\" content=\"2025-04-18T10:47:11+00:00\" \/>\n<meta property=\"og:image\" content=\"https:\/\/pb.edu.pl\/bon\/wp-content\/uploads\/sites\/61\/2025\/04\/454309027_908282611338897_1582952711919733899_n.jpg\" \/>\n\t<meta property=\"og:image:width\" content=\"600\" \/>\n\t<meta property=\"og:image:height\" content=\"600\" \/>\n\t<meta property=\"og:image:type\" content=\"image\/jpeg\" \/>\n<meta name=\"author\" content=\"tjastrzebski\" \/>\n<meta name=\"twitter:card\" content=\"summary_large_image\" \/>\n<meta name=\"twitter:label1\" content=\"Napisane przez\" \/>\n\t<meta name=\"twitter:data1\" content=\"tjastrzebski\" \/>\n\t<meta name=\"twitter:label2\" content=\"Szacowany czas czytania\" \/>\n\t<meta name=\"twitter:data2\" content=\"2 minuty\" \/>\n<script type=\"application\/ld+json\" class=\"yoast-schema-graph\">{\"@context\":\"https:\/\/schema.org\",\"@graph\":[{\"@type\":\"Article\",\"@id\":\"https:\/\/pb.edu.pl\/bon\/2025\/04\/18\/projekt-inspiratorium-kariery-iii\/#article\",\"isPartOf\":{\"@id\":\"https:\/\/pb.edu.pl\/bon\/2025\/04\/18\/projekt-inspiratorium-kariery-iii\/\"},\"author\":{\"name\":\"tjastrzebski\",\"@id\":\"https:\/\/pb.edu.pl\/bon\/#\/schema\/person\/cfc864f45d6e0e0d0ea89b50ed704692\"},\"headline\":\"Projekt &#8222;Inspiratorium Kariery III&#8221;\",\"datePublished\":\"2025-04-18T10:47:11+00:00\",\"mainEntityOfPage\":{\"@id\":\"https:\/\/pb.edu.pl\/bon\/2025\/04\/18\/projekt-inspiratorium-kariery-iii\/\"},\"wordCount\":178,\"commentCount\":0,\"image\":{\"@id\":\"https:\/\/pb.edu.pl\/bon\/2025\/04\/18\/projekt-inspiratorium-kariery-iii\/#primaryimage\"},\"thumbnailUrl\":\"https:\/\/pb.edu.pl\/bon\/wp-content\/uploads\/sites\/61\/2025\/04\/454309027_908282611338897_1582952711919733899_n.jpg\",\"articleSection\":[\"Home\"],\"inLanguage\":\"pl-PL\"},{\"@type\":\"WebPage\",\"@id\":\"https:\/\/pb.edu.pl\/bon\/2025\/04\/18\/projekt-inspiratorium-kariery-iii\/\",\"url\":\"https:\/\/pb.edu.pl\/bon\/2025\/04\/18\/projekt-inspiratorium-kariery-iii\/\",\"name\":\"Aktualno\u015bci BON - Projekt \\\"Inspiratorium Kariery III\\\"\",\"isPartOf\":{\"@id\":\"https:\/\/pb.edu.pl\/bon\/#website\"},\"primaryImageOfPage\":{\"@id\":\"https:\/\/pb.edu.pl\/bon\/2025\/04\/18\/projekt-inspiratorium-kariery-iii\/#primaryimage\"},\"image\":{\"@id\":\"https:\/\/pb.edu.pl\/bon\/2025\/04\/18\/projekt-inspiratorium-kariery-iii\/#primaryimage\"},\"thumbnailUrl\":\"https:\/\/pb.edu.pl\/bon\/wp-content\/uploads\/sites\/61\/2025\/04\/454309027_908282611338897_1582952711919733899_n.jpg\",\"datePublished\":\"2025-04-18T10:47:11+00:00\",\"author\":{\"@id\":\"https:\/\/pb.edu.pl\/bon\/#\/schema\/person\/cfc864f45d6e0e0d0ea89b50ed704692\"},\"breadcrumb\":{\"@id\":\"https:\/\/pb.edu.pl\/bon\/2025\/04\/18\/projekt-inspiratorium-kariery-iii\/#breadcrumb\"},\"inLanguage\":\"pl-PL\",\"potentialAction\":[{\"@type\":\"ReadAction\",\"target\":[\"https:\/\/pb.edu.pl\/bon\/2025\/04\/18\/projekt-inspiratorium-kariery-iii\/\"]}]},{\"@type\":\"ImageObject\",\"inLanguage\":\"pl-PL\",\"@id\":\"https:\/\/pb.edu.pl\/bon\/2025\/04\/18\/projekt-inspiratorium-kariery-iii\/#primaryimage\",\"url\":\"https:\/\/pb.edu.pl\/bon\/wp-content\/uploads\/sites\/61\/2025\/04\/454309027_908282611338897_1582952711919733899_n.jpg\",\"contentUrl\":\"https:\/\/pb.edu.pl\/bon\/wp-content\/uploads\/sites\/61\/2025\/04\/454309027_908282611338897_1582952711919733899_n.jpg\",\"width\":600,\"height\":600,\"caption\":\"logotyp Fundacji Aktywno\u015bci Zawodowej\"},{\"@type\":\"BreadcrumbList\",\"@id\":\"https:\/\/pb.edu.pl\/bon\/2025\/04\/18\/projekt-inspiratorium-kariery-iii\/#breadcrumb\",\"itemListElement\":[{\"@type\":\"ListItem\",\"position\":1,\"name\":\"Strona g\u0142\u00f3wna\",\"item\":\"https:\/\/pb.edu.pl\/bon\/\"},{\"@type\":\"ListItem\",\"position\":2,\"name\":\"Projekt &#8222;Inspiratorium Kariery III&#8221;\"}]},{\"@type\":\"WebSite\",\"@id\":\"https:\/\/pb.edu.pl\/bon\/#website\",\"url\":\"https:\/\/pb.edu.pl\/bon\/\",\"name\":\"Biuro ds. Os\u00f3b z Niepe\u0142nosprawno\u015bciami PB\",\"description\":\"Politechniki Bia\u0142ostockiej\",\"potentialAction\":[{\"@type\":\"SearchAction\",\"target\":{\"@type\":\"EntryPoint\",\"urlTemplate\":\"https:\/\/pb.edu.pl\/bon\/?s={search_term_string}\"},\"query-input\":{\"@type\":\"PropertyValueSpecification\",\"valueRequired\":true,\"valueName\":\"search_term_string\"}}],\"inLanguage\":\"pl-PL\"},{\"@type\":\"Person\",\"@id\":\"https:\/\/pb.edu.pl\/bon\/#\/schema\/person\/cfc864f45d6e0e0d0ea89b50ed704692\",\"name\":\"tjastrzebski\",\"image\":{\"@type\":\"ImageObject\",\"inLanguage\":\"pl-PL\",\"@id\":\"https:\/\/pb.edu.pl\/bon\/#\/schema\/person\/image\/\",\"url\":\"https:\/\/secure.gravatar.com\/avatar\/2a0d6e901085bdc4a5c660413a0a2aa2a8794c1580a93fb3ae9cdc56efbb6a29?s=96&d=mm&r=g\",\"contentUrl\":\"https:\/\/secure.gravatar.com\/avatar\/2a0d6e901085bdc4a5c660413a0a2aa2a8794c1580a93fb3ae9cdc56efbb6a29?s=96&d=mm&r=g\",\"caption\":\"tjastrzebski\"},\"url\":\"https:\/\/pb.edu.pl\/bon\/author\/tjastrzebski\/\"}]}<\/script>\n<!-- \/ Yoast SEO plugin. -->","yoast_head_json":{"title":"Aktualno\u015bci BON - Projekt \"Inspiratorium Kariery III\"","robots":{"index":"index","follow":"follow","max-snippet":"max-snippet:-1","max-image-preview":"max-image-preview:large","max-video-preview":"max-video-preview:-1"},"canonical":"https:\/\/pb.edu.pl\/bon\/2025\/04\/18\/projekt-inspiratorium-kariery-iii\/","og_locale":"pl_PL","og_type":"article","og_title":"Aktualno\u015bci BON - Projekt \"Inspiratorium Kariery III\"","og_description":"&#8222;Inspiratorium Kariery III&#8221; to projekt Fundacji Aktywno\u015bci Zawodowej realizowany ze \u015brodk\u00f3w PFRON w ramach konkursu","og_url":"https:\/\/pb.edu.pl\/bon\/2025\/04\/18\/projekt-inspiratorium-kariery-iii\/","og_site_name":"Biuro ds. Os\u00f3b z Niepe\u0142nosprawno\u015bciami PB","article_published_time":"2025-04-18T10:47:11+00:00","og_image":[{"width":600,"height":600,"url":"https:\/\/pb.edu.pl\/bon\/wp-content\/uploads\/sites\/61\/2025\/04\/454309027_908282611338897_1582952711919733899_n.jpg","type":"image\/jpeg"}],"author":"tjastrzebski","twitter_card":"summary_large_image","twitter_misc":{"Napisane przez":"tjastrzebski","Szacowany czas czytania":"2 minuty"},"schema":{"@context":"https:\/\/schema.org","@graph":[{"@type":"Article","@id":"https:\/\/pb.edu.pl\/bon\/2025\/04\/18\/projekt-inspiratorium-kariery-iii\/#article","isPartOf":{"@id":"https:\/\/pb.edu.pl\/bon\/2025\/04\/18\/projekt-inspiratorium-kariery-iii\/"},"author":{"name":"tjastrzebski","@id":"https:\/\/pb.edu.pl\/bon\/#\/schema\/person\/cfc864f45d6e0e0d0ea89b50ed704692"},"headline":"Projekt &#8222;Inspiratorium Kariery III&#8221;","datePublished":"2025-04-18T10:47:11+00:00","mainEntityOfPage":{"@id":"https:\/\/pb.edu.pl\/bon\/2025\/04\/18\/projekt-inspiratorium-kariery-iii\/"},"wordCount":178,"commentCount":0,"image":{"@id":"https:\/\/pb.edu.pl\/bon\/2025\/04\/18\/projekt-inspiratorium-kariery-iii\/#primaryimage"},"thumbnailUrl":"https:\/\/pb.edu.pl\/bon\/wp-content\/uploads\/sites\/61\/2025\/04\/454309027_908282611338897_1582952711919733899_n.jpg","articleSection":["Home"],"inLanguage":"pl-PL"},{"@type":"WebPage","@id":"https:\/\/pb.edu.pl\/bon\/2025\/04\/18\/projekt-inspiratorium-kariery-iii\/","url":"https:\/\/pb.edu.pl\/bon\/2025\/04\/18\/projekt-inspiratorium-kariery-iii\/","name":"Aktualno\u015bci BON - Projekt \"Inspiratorium Kariery III\"","isPartOf":{"@id":"https:\/\/pb.edu.pl\/bon\/#website"},"primaryImageOfPage":{"@id":"https:\/\/pb.edu.pl\/bon\/2025\/04\/18\/projekt-inspiratorium-kariery-iii\/#primaryimage"},"image":{"@id":"https:\/\/pb.edu.pl\/bon\/2025\/04\/18\/projekt-inspiratorium-kariery-iii\/#primaryimage"},"thumbnailUrl":"https:\/\/pb.edu.pl\/bon\/wp-content\/uploads\/sites\/61\/2025\/04\/454309027_908282611338897_1582952711919733899_n.jpg","datePublished":"2025-04-18T10:47:11+00:00","author":{"@id":"https:\/\/pb.edu.pl\/bon\/#\/schema\/person\/cfc864f45d6e0e0d0ea89b50ed704692"},"breadcrumb":{"@id":"https:\/\/pb.edu.pl\/bon\/2025\/04\/18\/projekt-inspiratorium-kariery-iii\/#breadcrumb"},"inLanguage":"pl-PL","potentialAction":[{"@type":"ReadAction","target":["https:\/\/pb.edu.pl\/bon\/2025\/04\/18\/projekt-inspiratorium-kariery-iii\/"]}]},{"@type":"ImageObject","inLanguage":"pl-PL","@id":"https:\/\/pb.edu.pl\/bon\/2025\/04\/18\/projekt-inspiratorium-kariery-iii\/#primaryimage","url":"https:\/\/pb.edu.pl\/bon\/wp-content\/uploads\/sites\/61\/2025\/04\/454309027_908282611338897_1582952711919733899_n.jpg","contentUrl":"https:\/\/pb.edu.pl\/bon\/wp-content\/uploads\/sites\/61\/2025\/04\/454309027_908282611338897_1582952711919733899_n.jpg","width":600,"height":600,"caption":"logotyp Fundacji Aktywno\u015bci Zawodowej"},{"@type":"BreadcrumbList","@id":"https:\/\/pb.edu.pl\/bon\/2025\/04\/18\/projekt-inspiratorium-kariery-iii\/#breadcrumb","itemListElement":[{"@type":"ListItem","position":1,"name":"Strona g\u0142\u00f3wna","item":"https:\/\/pb.edu.pl\/bon\/"},{"@type":"ListItem","position":2,"name":"Projekt &#8222;Inspiratorium Kariery III&#8221;"}]},{"@type":"WebSite","@id":"https:\/\/pb.edu.pl\/bon\/#website","url":"https:\/\/pb.edu.pl\/bon\/","name":"Biuro ds. Os\u00f3b z Niepe\u0142nosprawno\u015bciami PB","description":"Politechniki Bia\u0142ostockiej","potentialAction":[{"@type":"SearchAction","target":{"@type":"EntryPoint","urlTemplate":"https:\/\/pb.edu.pl\/bon\/?s={search_term_string}"},"query-input":{"@type":"PropertyValueSpecification","valueRequired":true,"valueName":"search_term_string"}}],"inLanguage":"pl-PL"},{"@type":"Person","@id":"https:\/\/pb.edu.pl\/bon\/#\/schema\/person\/cfc864f45d6e0e0d0ea89b50ed704692","name":"tjastrzebski","image":{"@type":"ImageObject","inLanguage":"pl-PL","@id":"https:\/\/pb.edu.pl\/bon\/#\/schema\/person\/image\/","url":"https:\/\/secure.gravatar.com\/avatar\/2a0d6e901085bdc4a5c660413a0a2aa2a8794c1580a93fb3ae9cdc56efbb6a29?s=96&d=mm&r=g","contentUrl":"https:\/\/secure.gravatar.com\/avatar\/2a0d6e901085bdc4a5c660413a0a2aa2a8794c1580a93fb3ae9cdc56efbb6a29?s=96&d=mm&r=g","caption":"tjastrzebski"},"url":"https:\/\/pb.edu.pl\/bon\/author\/tjastrzebski\/"}]}},"_links":{"self":[{"href":"https:\/\/pb.edu.pl\/bon\/wp-json\/wp\/v2\/posts\/1839","targetHints":{"allow":["GET"]}}],"collection":[{"href":"https:\/\/pb.edu.pl\/bon\/wp-json\/wp\/v2\/posts"}],"about":[{"href":"https:\/\/pb.edu.pl\/bon\/wp-json\/wp\/v2\/types\/post"}],"author":[{"embeddable":true,"href":"https:\/\/pb.edu.pl\/bon\/wp-json\/wp\/v2\/users\/91"}],"replies":[{"embeddable":true,"href":"https:\/\/pb.edu.pl\/bon\/wp-json\/wp\/v2\/comments?post=1839"}],"version-history":[{"count":0,"href":"https:\/\/pb.edu.pl\/bon\/wp-json\/wp\/v2\/posts\/1839\/revisions"}],"wp:featuredmedia":[{"embeddable":true,"href":"https:\/\/pb.edu.pl\/bon\/wp-json\/wp\/v2\/media\/1840"}],"wp:attachment":[{"href":"https:\/\/pb.edu.pl\/bon\/wp-json\/wp\/v2\/media?parent=1839"}],"wp:term":[{"taxonomy":"category","embeddable":true,"href":"https:\/\/pb.edu.pl\/bon\/wp-json\/wp\/v2\/categories?post=1839"},{"taxonomy":"post_tag","embeddable":true,"href":"https:\/\/pb.edu.pl\/bon\/wp-json\/wp\/v2\/tags?post=1839"}],"curies":[{"name":"wp","href":"https:\/\/api.w.org\/{rel}","templated":true}]}}