{"id":1659,"date":"2024-12-02T11:25:59","date_gmt":"2024-12-02T10:25:59","guid":{"rendered":"https:\/\/pb.edu.pl\/bon\/?p=1659"},"modified":"2024-12-02T11:28:10","modified_gmt":"2024-12-02T10:28:10","slug":"program-asystent-osoby-z-niepelnosprawnoscia-w-bialymstoku","status":"publish","type":"post","link":"https:\/\/pb.edu.pl\/bon\/2024\/12\/02\/program-asystent-osoby-z-niepelnosprawnoscia-w-bialymstoku\/","title":{"rendered":"Program &#8222;Asystent osoby z niepe\u0142nosprawno\u015bci\u0105&#8221; w Bia\u0142ymstoku"},"content":{"rendered":"<p>Osoby z niepe\u0142nosprawno\u015bci\u0105 mieszkaj\u0105ce w Bia\u0142ymstoku mog\u0105 korzysta\u0107 z rozszerzonej oferty miejskiego programu \u201e<a href=\"https:\/\/asystent.bialystok.pl\/\">Asystent osoby z niepe\u0142nosprawno\u015bci\u0105<\/a>\u201d.<\/p>\n<p>Z us\u0142ug asystenta skorzysta\u0107 mog\u0105:<\/p>\n<ul>\n<li>dzieci do 16. roku \u017cycia z orzeczeniem o niepe\u0142nosprawno\u015bci,<\/li>\n<li>osoby niepe\u0142nosprawne posiadaj\u0105ce orzeczenie o znacznym stopniu niepe\u0142nosprawno\u015bci albo o umiarkowanym stopniu niepe\u0142nosprawno\u015bci, b\u0119d\u0105ce mieszka\u0144cami Bia\u0142egostoku.<\/li>\n<\/ul>\n<p>Asystent realizuje us\u0142ugi wy\u0142\u0105cznie na rzecz osoby niepe\u0142nosprawnej, na podstawie jej decyzji lub decyzji opiekuna prawnego, a nie dla os\u00f3b trzecich, w tym cz\u0142onk\u00f3w rodziny osoby niepe\u0142nosprawnej. W celu uzyskania wsparcia nale\u017cy zg\u0142osi\u0107 si\u0119 do pracownika socjalnego w miejscu zamieszkania osoby z niepe\u0142nosprawno\u015bci\u0105 i uzyskania decyzji administracyjnej.<\/p>\n<p><a title=\"Otw\u00f3rz w nowym oknie\" href=\"http:\/\/asystent.bialystok.pl\/\" target=\"_blank\" rel=\"noopener noreferrer\">Wi\u0119cej informacji i regulamin miejskiego programu dost\u0119pne s\u0105 na stronie Asystent Osoby Niepe\u0142nosprawnej.<\/a><\/p>\n<p>Realizatorem programu jest <a href=\"https:\/\/fundacjaimpuls.org.pl\/\">Fundacja Inicjatyw Na Rzecz Os\u00f3b Niepe\u0142nosprawnych \u201eImpuls\u201d<\/a>.<\/p>\n<p>Dzia\u0142anie finansowane w ramach programu resortowego Ministra Rodziny i Polityki Spo\u0142ecznej \u201eAsystent Osobisty Osoby Niepe\u0142nosprawnej.<\/p>\n<p>&nbsp;<\/p>\n","protected":false},"excerpt":{"rendered":"<p>Osoby z niepe\u0142nosprawno\u015bci\u0105 mieszkaj\u0105ce w Bia\u0142ymstoku mog\u0105 korzysta\u0107 z rozszerzonej oferty miejskiego programu \u201eAsystent osoby<\/p>\n","protected":false},"author":91,"featured_media":1662,"comment_status":"open","ping_status":"open","sticky":false,"template":"","format":"standard","meta":{"_acf_changed":false,"ngg_post_thumbnail":0,"footnotes":""},"categories":[1],"tags":[],"class_list":["post-1659","post","type-post","status-publish","format-standard","has-post-thumbnail","hentry","category-home"],"acf":[],"yoast_head":"<!-- This site is optimized with the Yoast SEO plugin v27.0 - https:\/\/yoast.com\/product\/yoast-seo-wordpress\/ -->\n<title>Aktualno\u015bci BON - Program &quot;Asystent osoby z niepe\u0142nosprawno\u015bci\u0105&quot; w Bia\u0142ymstoku<\/title>\n<meta name=\"robots\" content=\"index, follow, max-snippet:-1, max-image-preview:large, max-video-preview:-1\" \/>\n<link rel=\"canonical\" href=\"https:\/\/pb.edu.pl\/bon\/2024\/12\/02\/program-asystent-osoby-z-niepelnosprawnoscia-w-bialymstoku\/\" \/>\n<meta property=\"og:locale\" content=\"pl_PL\" \/>\n<meta property=\"og:type\" content=\"article\" \/>\n<meta property=\"og:title\" content=\"Aktualno\u015bci BON - Program &quot;Asystent osoby z niepe\u0142nosprawno\u015bci\u0105&quot; w Bia\u0142ymstoku\" \/>\n<meta property=\"og:description\" content=\"Osoby z niepe\u0142nosprawno\u015bci\u0105 mieszkaj\u0105ce w Bia\u0142ymstoku mog\u0105 korzysta\u0107 z rozszerzonej oferty miejskiego programu \u201eAsystent osoby\" \/>\n<meta property=\"og:url\" content=\"https:\/\/pb.edu.pl\/bon\/2024\/12\/02\/program-asystent-osoby-z-niepelnosprawnoscia-w-bialymstoku\/\" \/>\n<meta property=\"og:site_name\" content=\"Biuro ds. Os\u00f3b z Niepe\u0142nosprawno\u015bciami PB\" \/>\n<meta property=\"article:published_time\" content=\"2024-12-02T10:25:59+00:00\" \/>\n<meta property=\"article:modified_time\" content=\"2024-12-02T10:28:10+00:00\" \/>\n<meta property=\"og:image\" content=\"https:\/\/pb.edu.pl\/bon\/wp-content\/uploads\/sites\/61\/2024\/12\/307979677_423050899932816_3908718649867103446_n.jpg\" \/>\n\t<meta property=\"og:image:width\" content=\"400\" \/>\n\t<meta property=\"og:image:height\" content=\"400\" \/>\n\t<meta property=\"og:image:type\" content=\"image\/jpeg\" \/>\n<meta name=\"author\" content=\"tjastrzebski\" \/>\n<meta name=\"twitter:card\" content=\"summary_large_image\" \/>\n<meta name=\"twitter:label1\" content=\"Napisane przez\" \/>\n\t<meta name=\"twitter:data1\" content=\"tjastrzebski\" \/>\n\t<meta name=\"twitter:label2\" content=\"Szacowany czas czytania\" \/>\n\t<meta name=\"twitter:data2\" content=\"1 minuta\" \/>\n<script type=\"application\/ld+json\" class=\"yoast-schema-graph\">{\"@context\":\"https:\/\/schema.org\",\"@graph\":[{\"@type\":\"Article\",\"@id\":\"https:\/\/pb.edu.pl\/bon\/2024\/12\/02\/program-asystent-osoby-z-niepelnosprawnoscia-w-bialymstoku\/#article\",\"isPartOf\":{\"@id\":\"https:\/\/pb.edu.pl\/bon\/2024\/12\/02\/program-asystent-osoby-z-niepelnosprawnoscia-w-bialymstoku\/\"},\"author\":{\"name\":\"tjastrzebski\",\"@id\":\"https:\/\/pb.edu.pl\/bon\/#\/schema\/person\/cfc864f45d6e0e0d0ea89b50ed704692\"},\"headline\":\"Program &#8222;Asystent osoby z niepe\u0142nosprawno\u015bci\u0105&#8221; w Bia\u0142ymstoku\",\"datePublished\":\"2024-12-02T10:25:59+00:00\",\"dateModified\":\"2024-12-02T10:28:10+00:00\",\"mainEntityOfPage\":{\"@id\":\"https:\/\/pb.edu.pl\/bon\/2024\/12\/02\/program-asystent-osoby-z-niepelnosprawnoscia-w-bialymstoku\/\"},\"wordCount\":180,\"commentCount\":0,\"image\":{\"@id\":\"https:\/\/pb.edu.pl\/bon\/2024\/12\/02\/program-asystent-osoby-z-niepelnosprawnoscia-w-bialymstoku\/#primaryimage\"},\"thumbnailUrl\":\"https:\/\/pb.edu.pl\/bon\/wp-content\/uploads\/sites\/61\/2024\/12\/307979677_423050899932816_3908718649867103446_n.jpg\",\"articleSection\":[\"Home\"],\"inLanguage\":\"pl-PL\"},{\"@type\":\"WebPage\",\"@id\":\"https:\/\/pb.edu.pl\/bon\/2024\/12\/02\/program-asystent-osoby-z-niepelnosprawnoscia-w-bialymstoku\/\",\"url\":\"https:\/\/pb.edu.pl\/bon\/2024\/12\/02\/program-asystent-osoby-z-niepelnosprawnoscia-w-bialymstoku\/\",\"name\":\"Aktualno\u015bci BON - Program \\\"Asystent osoby z niepe\u0142nosprawno\u015bci\u0105\\\" w Bia\u0142ymstoku\",\"isPartOf\":{\"@id\":\"https:\/\/pb.edu.pl\/bon\/#website\"},\"primaryImageOfPage\":{\"@id\":\"https:\/\/pb.edu.pl\/bon\/2024\/12\/02\/program-asystent-osoby-z-niepelnosprawnoscia-w-bialymstoku\/#primaryimage\"},\"image\":{\"@id\":\"https:\/\/pb.edu.pl\/bon\/2024\/12\/02\/program-asystent-osoby-z-niepelnosprawnoscia-w-bialymstoku\/#primaryimage\"},\"thumbnailUrl\":\"https:\/\/pb.edu.pl\/bon\/wp-content\/uploads\/sites\/61\/2024\/12\/307979677_423050899932816_3908718649867103446_n.jpg\",\"datePublished\":\"2024-12-02T10:25:59+00:00\",\"dateModified\":\"2024-12-02T10:28:10+00:00\",\"author\":{\"@id\":\"https:\/\/pb.edu.pl\/bon\/#\/schema\/person\/cfc864f45d6e0e0d0ea89b50ed704692\"},\"breadcrumb\":{\"@id\":\"https:\/\/pb.edu.pl\/bon\/2024\/12\/02\/program-asystent-osoby-z-niepelnosprawnoscia-w-bialymstoku\/#breadcrumb\"},\"inLanguage\":\"pl-PL\",\"potentialAction\":[{\"@type\":\"ReadAction\",\"target\":[\"https:\/\/pb.edu.pl\/bon\/2024\/12\/02\/program-asystent-osoby-z-niepelnosprawnoscia-w-bialymstoku\/\"]}]},{\"@type\":\"ImageObject\",\"inLanguage\":\"pl-PL\",\"@id\":\"https:\/\/pb.edu.pl\/bon\/2024\/12\/02\/program-asystent-osoby-z-niepelnosprawnoscia-w-bialymstoku\/#primaryimage\",\"url\":\"https:\/\/pb.edu.pl\/bon\/wp-content\/uploads\/sites\/61\/2024\/12\/307979677_423050899932816_3908718649867103446_n.jpg\",\"contentUrl\":\"https:\/\/pb.edu.pl\/bon\/wp-content\/uploads\/sites\/61\/2024\/12\/307979677_423050899932816_3908718649867103446_n.jpg\",\"width\":400,\"height\":400,\"caption\":\"grafika: na czerwonym tle \u017c\u00f3\u0142te s\u0142o\u0144ce z u\u015bmiechem i promieniami oraz osoba na w\u00f3zku\"},{\"@type\":\"BreadcrumbList\",\"@id\":\"https:\/\/pb.edu.pl\/bon\/2024\/12\/02\/program-asystent-osoby-z-niepelnosprawnoscia-w-bialymstoku\/#breadcrumb\",\"itemListElement\":[{\"@type\":\"ListItem\",\"position\":1,\"name\":\"Strona g\u0142\u00f3wna\",\"item\":\"https:\/\/pb.edu.pl\/bon\/\"},{\"@type\":\"ListItem\",\"position\":2,\"name\":\"Program &#8222;Asystent osoby z niepe\u0142nosprawno\u015bci\u0105&#8221; w Bia\u0142ymstoku\"}]},{\"@type\":\"WebSite\",\"@id\":\"https:\/\/pb.edu.pl\/bon\/#website\",\"url\":\"https:\/\/pb.edu.pl\/bon\/\",\"name\":\"Biuro ds. Os\u00f3b z Niepe\u0142nosprawno\u015bciami PB\",\"description\":\"Politechniki Bia\u0142ostockiej\",\"potentialAction\":[{\"@type\":\"SearchAction\",\"target\":{\"@type\":\"EntryPoint\",\"urlTemplate\":\"https:\/\/pb.edu.pl\/bon\/?s={search_term_string}\"},\"query-input\":{\"@type\":\"PropertyValueSpecification\",\"valueRequired\":true,\"valueName\":\"search_term_string\"}}],\"inLanguage\":\"pl-PL\"},{\"@type\":\"Person\",\"@id\":\"https:\/\/pb.edu.pl\/bon\/#\/schema\/person\/cfc864f45d6e0e0d0ea89b50ed704692\",\"name\":\"tjastrzebski\",\"image\":{\"@type\":\"ImageObject\",\"inLanguage\":\"pl-PL\",\"@id\":\"https:\/\/pb.edu.pl\/bon\/#\/schema\/person\/image\/\",\"url\":\"https:\/\/secure.gravatar.com\/avatar\/2a0d6e901085bdc4a5c660413a0a2aa2a8794c1580a93fb3ae9cdc56efbb6a29?s=96&d=mm&r=g\",\"contentUrl\":\"https:\/\/secure.gravatar.com\/avatar\/2a0d6e901085bdc4a5c660413a0a2aa2a8794c1580a93fb3ae9cdc56efbb6a29?s=96&d=mm&r=g\",\"caption\":\"tjastrzebski\"},\"url\":\"https:\/\/pb.edu.pl\/bon\/author\/tjastrzebski\/\"}]}<\/script>\n<!-- \/ Yoast SEO plugin. -->","yoast_head_json":{"title":"Aktualno\u015bci BON - Program \"Asystent osoby z niepe\u0142nosprawno\u015bci\u0105\" w Bia\u0142ymstoku","robots":{"index":"index","follow":"follow","max-snippet":"max-snippet:-1","max-image-preview":"max-image-preview:large","max-video-preview":"max-video-preview:-1"},"canonical":"https:\/\/pb.edu.pl\/bon\/2024\/12\/02\/program-asystent-osoby-z-niepelnosprawnoscia-w-bialymstoku\/","og_locale":"pl_PL","og_type":"article","og_title":"Aktualno\u015bci BON - Program \"Asystent osoby z niepe\u0142nosprawno\u015bci\u0105\" w Bia\u0142ymstoku","og_description":"Osoby z niepe\u0142nosprawno\u015bci\u0105 mieszkaj\u0105ce w Bia\u0142ymstoku mog\u0105 korzysta\u0107 z rozszerzonej oferty miejskiego programu \u201eAsystent osoby","og_url":"https:\/\/pb.edu.pl\/bon\/2024\/12\/02\/program-asystent-osoby-z-niepelnosprawnoscia-w-bialymstoku\/","og_site_name":"Biuro ds. Os\u00f3b z Niepe\u0142nosprawno\u015bciami PB","article_published_time":"2024-12-02T10:25:59+00:00","article_modified_time":"2024-12-02T10:28:10+00:00","og_image":[{"width":400,"height":400,"url":"https:\/\/pb.edu.pl\/bon\/wp-content\/uploads\/sites\/61\/2024\/12\/307979677_423050899932816_3908718649867103446_n.jpg","type":"image\/jpeg"}],"author":"tjastrzebski","twitter_card":"summary_large_image","twitter_misc":{"Napisane przez":"tjastrzebski","Szacowany czas czytania":"1 minuta"},"schema":{"@context":"https:\/\/schema.org","@graph":[{"@type":"Article","@id":"https:\/\/pb.edu.pl\/bon\/2024\/12\/02\/program-asystent-osoby-z-niepelnosprawnoscia-w-bialymstoku\/#article","isPartOf":{"@id":"https:\/\/pb.edu.pl\/bon\/2024\/12\/02\/program-asystent-osoby-z-niepelnosprawnoscia-w-bialymstoku\/"},"author":{"name":"tjastrzebski","@id":"https:\/\/pb.edu.pl\/bon\/#\/schema\/person\/cfc864f45d6e0e0d0ea89b50ed704692"},"headline":"Program &#8222;Asystent osoby z niepe\u0142nosprawno\u015bci\u0105&#8221; w Bia\u0142ymstoku","datePublished":"2024-12-02T10:25:59+00:00","dateModified":"2024-12-02T10:28:10+00:00","mainEntityOfPage":{"@id":"https:\/\/pb.edu.pl\/bon\/2024\/12\/02\/program-asystent-osoby-z-niepelnosprawnoscia-w-bialymstoku\/"},"wordCount":180,"commentCount":0,"image":{"@id":"https:\/\/pb.edu.pl\/bon\/2024\/12\/02\/program-asystent-osoby-z-niepelnosprawnoscia-w-bialymstoku\/#primaryimage"},"thumbnailUrl":"https:\/\/pb.edu.pl\/bon\/wp-content\/uploads\/sites\/61\/2024\/12\/307979677_423050899932816_3908718649867103446_n.jpg","articleSection":["Home"],"inLanguage":"pl-PL"},{"@type":"WebPage","@id":"https:\/\/pb.edu.pl\/bon\/2024\/12\/02\/program-asystent-osoby-z-niepelnosprawnoscia-w-bialymstoku\/","url":"https:\/\/pb.edu.pl\/bon\/2024\/12\/02\/program-asystent-osoby-z-niepelnosprawnoscia-w-bialymstoku\/","name":"Aktualno\u015bci BON - Program \"Asystent osoby z niepe\u0142nosprawno\u015bci\u0105\" w Bia\u0142ymstoku","isPartOf":{"@id":"https:\/\/pb.edu.pl\/bon\/#website"},"primaryImageOfPage":{"@id":"https:\/\/pb.edu.pl\/bon\/2024\/12\/02\/program-asystent-osoby-z-niepelnosprawnoscia-w-bialymstoku\/#primaryimage"},"image":{"@id":"https:\/\/pb.edu.pl\/bon\/2024\/12\/02\/program-asystent-osoby-z-niepelnosprawnoscia-w-bialymstoku\/#primaryimage"},"thumbnailUrl":"https:\/\/pb.edu.pl\/bon\/wp-content\/uploads\/sites\/61\/2024\/12\/307979677_423050899932816_3908718649867103446_n.jpg","datePublished":"2024-12-02T10:25:59+00:00","dateModified":"2024-12-02T10:28:10+00:00","author":{"@id":"https:\/\/pb.edu.pl\/bon\/#\/schema\/person\/cfc864f45d6e0e0d0ea89b50ed704692"},"breadcrumb":{"@id":"https:\/\/pb.edu.pl\/bon\/2024\/12\/02\/program-asystent-osoby-z-niepelnosprawnoscia-w-bialymstoku\/#breadcrumb"},"inLanguage":"pl-PL","potentialAction":[{"@type":"ReadAction","target":["https:\/\/pb.edu.pl\/bon\/2024\/12\/02\/program-asystent-osoby-z-niepelnosprawnoscia-w-bialymstoku\/"]}]},{"@type":"ImageObject","inLanguage":"pl-PL","@id":"https:\/\/pb.edu.pl\/bon\/2024\/12\/02\/program-asystent-osoby-z-niepelnosprawnoscia-w-bialymstoku\/#primaryimage","url":"https:\/\/pb.edu.pl\/bon\/wp-content\/uploads\/sites\/61\/2024\/12\/307979677_423050899932816_3908718649867103446_n.jpg","contentUrl":"https:\/\/pb.edu.pl\/bon\/wp-content\/uploads\/sites\/61\/2024\/12\/307979677_423050899932816_3908718649867103446_n.jpg","width":400,"height":400,"caption":"grafika: na czerwonym tle \u017c\u00f3\u0142te s\u0142o\u0144ce z u\u015bmiechem i promieniami oraz osoba na w\u00f3zku"},{"@type":"BreadcrumbList","@id":"https:\/\/pb.edu.pl\/bon\/2024\/12\/02\/program-asystent-osoby-z-niepelnosprawnoscia-w-bialymstoku\/#breadcrumb","itemListElement":[{"@type":"ListItem","position":1,"name":"Strona g\u0142\u00f3wna","item":"https:\/\/pb.edu.pl\/bon\/"},{"@type":"ListItem","position":2,"name":"Program &#8222;Asystent osoby z niepe\u0142nosprawno\u015bci\u0105&#8221; w Bia\u0142ymstoku"}]},{"@type":"WebSite","@id":"https:\/\/pb.edu.pl\/bon\/#website","url":"https:\/\/pb.edu.pl\/bon\/","name":"Biuro ds. Os\u00f3b z Niepe\u0142nosprawno\u015bciami PB","description":"Politechniki Bia\u0142ostockiej","potentialAction":[{"@type":"SearchAction","target":{"@type":"EntryPoint","urlTemplate":"https:\/\/pb.edu.pl\/bon\/?s={search_term_string}"},"query-input":{"@type":"PropertyValueSpecification","valueRequired":true,"valueName":"search_term_string"}}],"inLanguage":"pl-PL"},{"@type":"Person","@id":"https:\/\/pb.edu.pl\/bon\/#\/schema\/person\/cfc864f45d6e0e0d0ea89b50ed704692","name":"tjastrzebski","image":{"@type":"ImageObject","inLanguage":"pl-PL","@id":"https:\/\/pb.edu.pl\/bon\/#\/schema\/person\/image\/","url":"https:\/\/secure.gravatar.com\/avatar\/2a0d6e901085bdc4a5c660413a0a2aa2a8794c1580a93fb3ae9cdc56efbb6a29?s=96&d=mm&r=g","contentUrl":"https:\/\/secure.gravatar.com\/avatar\/2a0d6e901085bdc4a5c660413a0a2aa2a8794c1580a93fb3ae9cdc56efbb6a29?s=96&d=mm&r=g","caption":"tjastrzebski"},"url":"https:\/\/pb.edu.pl\/bon\/author\/tjastrzebski\/"}]}},"_links":{"self":[{"href":"https:\/\/pb.edu.pl\/bon\/wp-json\/wp\/v2\/posts\/1659","targetHints":{"allow":["GET"]}}],"collection":[{"href":"https:\/\/pb.edu.pl\/bon\/wp-json\/wp\/v2\/posts"}],"about":[{"href":"https:\/\/pb.edu.pl\/bon\/wp-json\/wp\/v2\/types\/post"}],"author":[{"embeddable":true,"href":"https:\/\/pb.edu.pl\/bon\/wp-json\/wp\/v2\/users\/91"}],"replies":[{"embeddable":true,"href":"https:\/\/pb.edu.pl\/bon\/wp-json\/wp\/v2\/comments?post=1659"}],"version-history":[{"count":0,"href":"https:\/\/pb.edu.pl\/bon\/wp-json\/wp\/v2\/posts\/1659\/revisions"}],"wp:featuredmedia":[{"embeddable":true,"href":"https:\/\/pb.edu.pl\/bon\/wp-json\/wp\/v2\/media\/1662"}],"wp:attachment":[{"href":"https:\/\/pb.edu.pl\/bon\/wp-json\/wp\/v2\/media?parent=1659"}],"wp:term":[{"taxonomy":"category","embeddable":true,"href":"https:\/\/pb.edu.pl\/bon\/wp-json\/wp\/v2\/categories?post=1659"},{"taxonomy":"post_tag","embeddable":true,"href":"https:\/\/pb.edu.pl\/bon\/wp-json\/wp\/v2\/tags?post=1659"}],"curies":[{"name":"wp","href":"https:\/\/api.w.org\/{rel}","templated":true}]}}