{"id":1395,"date":"2023-08-16T12:07:38","date_gmt":"2023-08-16T10:07:38","guid":{"rendered":"https:\/\/pb.edu.pl\/bon\/?p=1395"},"modified":"2023-08-16T12:08:14","modified_gmt":"2023-08-16T10:08:14","slug":"1395","status":"publish","type":"post","link":"https:\/\/pb.edu.pl\/bon\/2023\/08\/16\/1395\/","title":{"rendered":"Bezp\u0142atny kurs Polskiego J\u0119zyka Migowego na poziomie podstawowym A1."},"content":{"rendered":"<p><a href=\"http:\/\/mig-iem.pl\/\"><span class=\"x193iq5w xeuugli x13faqbe x1vvkbs x1xmvt09 x1lliihq x1s928wv xhkezso x1gmr53x x1cpjm7i x1fgarty x1943h6x xudqn12 x3x7a5m x1f6kntn xvq8zen xo1l8bm xzsf02u\" dir=\"auto\">Stowarzyszenia Pomocy Nies\u0142ysz\u0105cym &#8222;MIG-iem&#8221;<\/span><\/a> z<span class=\"x193iq5w xeuugli x13faqbe x1vvkbs x1xmvt09 x1lliihq x1s928wv xhkezso x1gmr53x x1cpjm7i x1fgarty x1943h6x xudqn12 x3x7a5m x1f6kntn xvq8zen xo1l8bm xzsf02u x1yc453h\" dir=\"auto\">aprasza mieszka\u0144c\u00f3w Bia\u0142egostoku do udzia\u0142u w bezp\u0142atnym kursie Polskiego J\u0119zyka Migowego na poziomie podstawowym A1.<\/span><\/p>\n<p>Liczba miejsc ograniczona kurs rozpoczyna si\u0119 od wrze\u015bnia, 90 godzin.<br \/>\nZaj\u0119cia dwa razy w tygodniu w godz. 16:30-20:00<br \/>\nInformacja i zg\u0142oszenia: spn.migiem@gmail.com lub telefonicznie: 797923031, 606251269<\/p>\n<p>Wi\u0119cej informacji na <a href=\"https:\/\/www.facebook.com\/permalink.php?story_fbid=pfbid02s8GQdp6xqmay8pwycjxNutrgpAaiLzNSZnzErBtXYACdc6xYPjzg6abE7Mgg7Sujl&amp;id=100064797965683\">facebooku Stowarzyszenia<\/a><\/p>\n<p>&nbsp;<\/p>\n","protected":false},"excerpt":{"rendered":"<p>Stowarzyszenia Pomocy Nies\u0142ysz\u0105cym &#8222;MIG-iem&#8221; zaprasza mieszka\u0144c\u00f3w Bia\u0142egostoku do udzia\u0142u w bezp\u0142atnym kursie Polskiego J\u0119zyka Migowego<\/p>\n","protected":false},"author":91,"featured_media":1396,"comment_status":"open","ping_status":"open","sticky":false,"template":"","format":"standard","meta":{"_acf_changed":false,"ngg_post_thumbnail":0,"footnotes":""},"categories":[1],"tags":[],"class_list":["post-1395","post","type-post","status-publish","format-standard","has-post-thumbnail","hentry","category-home"],"acf":[],"yoast_head":"<!-- This site is optimized with the Yoast SEO plugin v27.0 - https:\/\/yoast.com\/product\/yoast-seo-wordpress\/ -->\n<title>Aktualno\u015bci BON - Bezp\u0142atny kurs Polskiego J\u0119zyka Migowego na poziomie podstawowym A1.<\/title>\n<meta name=\"robots\" content=\"index, follow, max-snippet:-1, max-image-preview:large, max-video-preview:-1\" \/>\n<link rel=\"canonical\" href=\"https:\/\/pb.edu.pl\/bon\/2023\/08\/16\/1395\/\" \/>\n<meta property=\"og:locale\" content=\"pl_PL\" \/>\n<meta property=\"og:type\" content=\"article\" \/>\n<meta property=\"og:title\" content=\"Aktualno\u015bci BON - Bezp\u0142atny kurs Polskiego J\u0119zyka Migowego na poziomie podstawowym A1.\" \/>\n<meta property=\"og:description\" content=\"Stowarzyszenia Pomocy Nies\u0142ysz\u0105cym &#8222;MIG-iem&#8221; zaprasza mieszka\u0144c\u00f3w Bia\u0142egostoku do udzia\u0142u w bezp\u0142atnym kursie Polskiego J\u0119zyka Migowego\" \/>\n<meta property=\"og:url\" content=\"https:\/\/pb.edu.pl\/bon\/2023\/08\/16\/1395\/\" \/>\n<meta property=\"og:site_name\" content=\"Biuro ds. Os\u00f3b z Niepe\u0142nosprawno\u015bciami PB\" \/>\n<meta property=\"article:published_time\" content=\"2023-08-16T10:07:38+00:00\" \/>\n<meta property=\"article:modified_time\" content=\"2023-08-16T10:08:14+00:00\" \/>\n<meta property=\"og:image\" content=\"https:\/\/pb.edu.pl\/bon\/wp-content\/uploads\/sites\/61\/2023\/08\/365580824_684719777031282_2109619416108656354_n.jpg\" \/>\n\t<meta property=\"og:image:width\" content=\"1060\" \/>\n\t<meta property=\"og:image:height\" content=\"733\" \/>\n\t<meta property=\"og:image:type\" content=\"image\/jpeg\" \/>\n<meta name=\"author\" content=\"tjastrzebski\" \/>\n<meta name=\"twitter:card\" content=\"summary_large_image\" \/>\n<meta name=\"twitter:label1\" content=\"Napisane przez\" \/>\n\t<meta name=\"twitter:data1\" content=\"tjastrzebski\" \/>\n\t<meta name=\"twitter:label2\" content=\"Szacowany czas czytania\" \/>\n\t<meta name=\"twitter:data2\" content=\"1 minuta\" \/>\n<script type=\"application\/ld+json\" class=\"yoast-schema-graph\">{\"@context\":\"https:\/\/schema.org\",\"@graph\":[{\"@type\":\"Article\",\"@id\":\"https:\/\/pb.edu.pl\/bon\/2023\/08\/16\/1395\/#article\",\"isPartOf\":{\"@id\":\"https:\/\/pb.edu.pl\/bon\/2023\/08\/16\/1395\/\"},\"author\":{\"name\":\"tjastrzebski\",\"@id\":\"https:\/\/pb.edu.pl\/bon\/#\/schema\/person\/cfc864f45d6e0e0d0ea89b50ed704692\"},\"headline\":\"Bezp\u0142atny kurs Polskiego J\u0119zyka Migowego na poziomie podstawowym A1.\",\"datePublished\":\"2023-08-16T10:07:38+00:00\",\"dateModified\":\"2023-08-16T10:08:14+00:00\",\"mainEntityOfPage\":{\"@id\":\"https:\/\/pb.edu.pl\/bon\/2023\/08\/16\/1395\/\"},\"wordCount\":74,\"commentCount\":0,\"image\":{\"@id\":\"https:\/\/pb.edu.pl\/bon\/2023\/08\/16\/1395\/#primaryimage\"},\"thumbnailUrl\":\"https:\/\/pb.edu.pl\/bon\/wp-content\/uploads\/sites\/61\/2023\/08\/365580824_684719777031282_2109619416108656354_n.jpg\",\"articleSection\":[\"Home\"],\"inLanguage\":\"pl-PL\"},{\"@type\":\"WebPage\",\"@id\":\"https:\/\/pb.edu.pl\/bon\/2023\/08\/16\/1395\/\",\"url\":\"https:\/\/pb.edu.pl\/bon\/2023\/08\/16\/1395\/\",\"name\":\"Aktualno\u015bci BON - Bezp\u0142atny kurs Polskiego J\u0119zyka Migowego na poziomie podstawowym A1.\",\"isPartOf\":{\"@id\":\"https:\/\/pb.edu.pl\/bon\/#website\"},\"primaryImageOfPage\":{\"@id\":\"https:\/\/pb.edu.pl\/bon\/2023\/08\/16\/1395\/#primaryimage\"},\"image\":{\"@id\":\"https:\/\/pb.edu.pl\/bon\/2023\/08\/16\/1395\/#primaryimage\"},\"thumbnailUrl\":\"https:\/\/pb.edu.pl\/bon\/wp-content\/uploads\/sites\/61\/2023\/08\/365580824_684719777031282_2109619416108656354_n.jpg\",\"datePublished\":\"2023-08-16T10:07:38+00:00\",\"dateModified\":\"2023-08-16T10:08:14+00:00\",\"author\":{\"@id\":\"https:\/\/pb.edu.pl\/bon\/#\/schema\/person\/cfc864f45d6e0e0d0ea89b50ed704692\"},\"breadcrumb\":{\"@id\":\"https:\/\/pb.edu.pl\/bon\/2023\/08\/16\/1395\/#breadcrumb\"},\"inLanguage\":\"pl-PL\",\"potentialAction\":[{\"@type\":\"ReadAction\",\"target\":[\"https:\/\/pb.edu.pl\/bon\/2023\/08\/16\/1395\/\"]}]},{\"@type\":\"ImageObject\",\"inLanguage\":\"pl-PL\",\"@id\":\"https:\/\/pb.edu.pl\/bon\/2023\/08\/16\/1395\/#primaryimage\",\"url\":\"https:\/\/pb.edu.pl\/bon\/wp-content\/uploads\/sites\/61\/2023\/08\/365580824_684719777031282_2109619416108656354_n.jpg\",\"contentUrl\":\"https:\/\/pb.edu.pl\/bon\/wp-content\/uploads\/sites\/61\/2023\/08\/365580824_684719777031282_2109619416108656354_n.jpg\",\"width\":1060,\"height\":733,\"caption\":\"Plakat: d\u0142o\u0144 u\u0142o\u017cona w symbol litery O Polskiego J\u0119zyka Migowego Logotyp: Stowarzyszenie Pomocy Nies\u0142ysz\u0105cym MIG-iem Napisy: Bezp\u0142atny kurs polskiego j\u0119zyka migowego poziom podstawowy A1 Zapraszamy mieszka\u0144c\u00f3w Bia\u0142egostoku do udzia\u0142u w projekcie ,,Miga\u0107 ka\u017cdy mo\u017ce VIII\\\". Liczba miejsc ograniczona kurs rozpoczyna si\u0119 od wrze\u015bnia, 90 godzin. Zaj\u0119cia dwa razy w tygodniu w godz. 16:30-20:00 informacja i zg\u0142oszenia: spn.migiem@gmail.com lub telefonicznie: 797923031, 606251269, Zadanie finansowane ze \u015brodk\u00f3w PFRON Logotypy: Pa\u0144stwowy Fundusz Rehabilitacji Os\u00f3b Niepe\u0142nosprawnych, Miasto Bia\u0142ystok\"},{\"@type\":\"BreadcrumbList\",\"@id\":\"https:\/\/pb.edu.pl\/bon\/2023\/08\/16\/1395\/#breadcrumb\",\"itemListElement\":[{\"@type\":\"ListItem\",\"position\":1,\"name\":\"Strona g\u0142\u00f3wna\",\"item\":\"https:\/\/pb.edu.pl\/bon\/\"},{\"@type\":\"ListItem\",\"position\":2,\"name\":\"Bezp\u0142atny kurs Polskiego J\u0119zyka Migowego na poziomie podstawowym A1.\"}]},{\"@type\":\"WebSite\",\"@id\":\"https:\/\/pb.edu.pl\/bon\/#website\",\"url\":\"https:\/\/pb.edu.pl\/bon\/\",\"name\":\"Biuro ds. Os\u00f3b z Niepe\u0142nosprawno\u015bciami PB\",\"description\":\"Politechniki Bia\u0142ostockiej\",\"potentialAction\":[{\"@type\":\"SearchAction\",\"target\":{\"@type\":\"EntryPoint\",\"urlTemplate\":\"https:\/\/pb.edu.pl\/bon\/?s={search_term_string}\"},\"query-input\":{\"@type\":\"PropertyValueSpecification\",\"valueRequired\":true,\"valueName\":\"search_term_string\"}}],\"inLanguage\":\"pl-PL\"},{\"@type\":\"Person\",\"@id\":\"https:\/\/pb.edu.pl\/bon\/#\/schema\/person\/cfc864f45d6e0e0d0ea89b50ed704692\",\"name\":\"tjastrzebski\",\"image\":{\"@type\":\"ImageObject\",\"inLanguage\":\"pl-PL\",\"@id\":\"https:\/\/pb.edu.pl\/bon\/#\/schema\/person\/image\/\",\"url\":\"https:\/\/secure.gravatar.com\/avatar\/2a0d6e901085bdc4a5c660413a0a2aa2a8794c1580a93fb3ae9cdc56efbb6a29?s=96&d=mm&r=g\",\"contentUrl\":\"https:\/\/secure.gravatar.com\/avatar\/2a0d6e901085bdc4a5c660413a0a2aa2a8794c1580a93fb3ae9cdc56efbb6a29?s=96&d=mm&r=g\",\"caption\":\"tjastrzebski\"},\"url\":\"https:\/\/pb.edu.pl\/bon\/author\/tjastrzebski\/\"}]}<\/script>\n<!-- \/ Yoast SEO plugin. -->","yoast_head_json":{"title":"Aktualno\u015bci BON - Bezp\u0142atny kurs Polskiego J\u0119zyka Migowego na poziomie podstawowym A1.","robots":{"index":"index","follow":"follow","max-snippet":"max-snippet:-1","max-image-preview":"max-image-preview:large","max-video-preview":"max-video-preview:-1"},"canonical":"https:\/\/pb.edu.pl\/bon\/2023\/08\/16\/1395\/","og_locale":"pl_PL","og_type":"article","og_title":"Aktualno\u015bci BON - Bezp\u0142atny kurs Polskiego J\u0119zyka Migowego na poziomie podstawowym A1.","og_description":"Stowarzyszenia Pomocy Nies\u0142ysz\u0105cym &#8222;MIG-iem&#8221; zaprasza mieszka\u0144c\u00f3w Bia\u0142egostoku do udzia\u0142u w bezp\u0142atnym kursie Polskiego J\u0119zyka Migowego","og_url":"https:\/\/pb.edu.pl\/bon\/2023\/08\/16\/1395\/","og_site_name":"Biuro ds. Os\u00f3b z Niepe\u0142nosprawno\u015bciami PB","article_published_time":"2023-08-16T10:07:38+00:00","article_modified_time":"2023-08-16T10:08:14+00:00","og_image":[{"width":1060,"height":733,"url":"https:\/\/pb.edu.pl\/bon\/wp-content\/uploads\/sites\/61\/2023\/08\/365580824_684719777031282_2109619416108656354_n.jpg","type":"image\/jpeg"}],"author":"tjastrzebski","twitter_card":"summary_large_image","twitter_misc":{"Napisane przez":"tjastrzebski","Szacowany czas czytania":"1 minuta"},"schema":{"@context":"https:\/\/schema.org","@graph":[{"@type":"Article","@id":"https:\/\/pb.edu.pl\/bon\/2023\/08\/16\/1395\/#article","isPartOf":{"@id":"https:\/\/pb.edu.pl\/bon\/2023\/08\/16\/1395\/"},"author":{"name":"tjastrzebski","@id":"https:\/\/pb.edu.pl\/bon\/#\/schema\/person\/cfc864f45d6e0e0d0ea89b50ed704692"},"headline":"Bezp\u0142atny kurs Polskiego J\u0119zyka Migowego na poziomie podstawowym A1.","datePublished":"2023-08-16T10:07:38+00:00","dateModified":"2023-08-16T10:08:14+00:00","mainEntityOfPage":{"@id":"https:\/\/pb.edu.pl\/bon\/2023\/08\/16\/1395\/"},"wordCount":74,"commentCount":0,"image":{"@id":"https:\/\/pb.edu.pl\/bon\/2023\/08\/16\/1395\/#primaryimage"},"thumbnailUrl":"https:\/\/pb.edu.pl\/bon\/wp-content\/uploads\/sites\/61\/2023\/08\/365580824_684719777031282_2109619416108656354_n.jpg","articleSection":["Home"],"inLanguage":"pl-PL"},{"@type":"WebPage","@id":"https:\/\/pb.edu.pl\/bon\/2023\/08\/16\/1395\/","url":"https:\/\/pb.edu.pl\/bon\/2023\/08\/16\/1395\/","name":"Aktualno\u015bci BON - Bezp\u0142atny kurs Polskiego J\u0119zyka Migowego na poziomie podstawowym A1.","isPartOf":{"@id":"https:\/\/pb.edu.pl\/bon\/#website"},"primaryImageOfPage":{"@id":"https:\/\/pb.edu.pl\/bon\/2023\/08\/16\/1395\/#primaryimage"},"image":{"@id":"https:\/\/pb.edu.pl\/bon\/2023\/08\/16\/1395\/#primaryimage"},"thumbnailUrl":"https:\/\/pb.edu.pl\/bon\/wp-content\/uploads\/sites\/61\/2023\/08\/365580824_684719777031282_2109619416108656354_n.jpg","datePublished":"2023-08-16T10:07:38+00:00","dateModified":"2023-08-16T10:08:14+00:00","author":{"@id":"https:\/\/pb.edu.pl\/bon\/#\/schema\/person\/cfc864f45d6e0e0d0ea89b50ed704692"},"breadcrumb":{"@id":"https:\/\/pb.edu.pl\/bon\/2023\/08\/16\/1395\/#breadcrumb"},"inLanguage":"pl-PL","potentialAction":[{"@type":"ReadAction","target":["https:\/\/pb.edu.pl\/bon\/2023\/08\/16\/1395\/"]}]},{"@type":"ImageObject","inLanguage":"pl-PL","@id":"https:\/\/pb.edu.pl\/bon\/2023\/08\/16\/1395\/#primaryimage","url":"https:\/\/pb.edu.pl\/bon\/wp-content\/uploads\/sites\/61\/2023\/08\/365580824_684719777031282_2109619416108656354_n.jpg","contentUrl":"https:\/\/pb.edu.pl\/bon\/wp-content\/uploads\/sites\/61\/2023\/08\/365580824_684719777031282_2109619416108656354_n.jpg","width":1060,"height":733,"caption":"Plakat: d\u0142o\u0144 u\u0142o\u017cona w symbol litery O Polskiego J\u0119zyka Migowego Logotyp: Stowarzyszenie Pomocy Nies\u0142ysz\u0105cym MIG-iem Napisy: Bezp\u0142atny kurs polskiego j\u0119zyka migowego poziom podstawowy A1 Zapraszamy mieszka\u0144c\u00f3w Bia\u0142egostoku do udzia\u0142u w projekcie ,,Miga\u0107 ka\u017cdy mo\u017ce VIII\". Liczba miejsc ograniczona kurs rozpoczyna si\u0119 od wrze\u015bnia, 90 godzin. Zaj\u0119cia dwa razy w tygodniu w godz. 16:30-20:00 informacja i zg\u0142oszenia: spn.migiem@gmail.com lub telefonicznie: 797923031, 606251269, Zadanie finansowane ze \u015brodk\u00f3w PFRON Logotypy: Pa\u0144stwowy Fundusz Rehabilitacji Os\u00f3b Niepe\u0142nosprawnych, Miasto Bia\u0142ystok"},{"@type":"BreadcrumbList","@id":"https:\/\/pb.edu.pl\/bon\/2023\/08\/16\/1395\/#breadcrumb","itemListElement":[{"@type":"ListItem","position":1,"name":"Strona g\u0142\u00f3wna","item":"https:\/\/pb.edu.pl\/bon\/"},{"@type":"ListItem","position":2,"name":"Bezp\u0142atny kurs Polskiego J\u0119zyka Migowego na poziomie podstawowym A1."}]},{"@type":"WebSite","@id":"https:\/\/pb.edu.pl\/bon\/#website","url":"https:\/\/pb.edu.pl\/bon\/","name":"Biuro ds. Os\u00f3b z Niepe\u0142nosprawno\u015bciami PB","description":"Politechniki Bia\u0142ostockiej","potentialAction":[{"@type":"SearchAction","target":{"@type":"EntryPoint","urlTemplate":"https:\/\/pb.edu.pl\/bon\/?s={search_term_string}"},"query-input":{"@type":"PropertyValueSpecification","valueRequired":true,"valueName":"search_term_string"}}],"inLanguage":"pl-PL"},{"@type":"Person","@id":"https:\/\/pb.edu.pl\/bon\/#\/schema\/person\/cfc864f45d6e0e0d0ea89b50ed704692","name":"tjastrzebski","image":{"@type":"ImageObject","inLanguage":"pl-PL","@id":"https:\/\/pb.edu.pl\/bon\/#\/schema\/person\/image\/","url":"https:\/\/secure.gravatar.com\/avatar\/2a0d6e901085bdc4a5c660413a0a2aa2a8794c1580a93fb3ae9cdc56efbb6a29?s=96&d=mm&r=g","contentUrl":"https:\/\/secure.gravatar.com\/avatar\/2a0d6e901085bdc4a5c660413a0a2aa2a8794c1580a93fb3ae9cdc56efbb6a29?s=96&d=mm&r=g","caption":"tjastrzebski"},"url":"https:\/\/pb.edu.pl\/bon\/author\/tjastrzebski\/"}]}},"_links":{"self":[{"href":"https:\/\/pb.edu.pl\/bon\/wp-json\/wp\/v2\/posts\/1395","targetHints":{"allow":["GET"]}}],"collection":[{"href":"https:\/\/pb.edu.pl\/bon\/wp-json\/wp\/v2\/posts"}],"about":[{"href":"https:\/\/pb.edu.pl\/bon\/wp-json\/wp\/v2\/types\/post"}],"author":[{"embeddable":true,"href":"https:\/\/pb.edu.pl\/bon\/wp-json\/wp\/v2\/users\/91"}],"replies":[{"embeddable":true,"href":"https:\/\/pb.edu.pl\/bon\/wp-json\/wp\/v2\/comments?post=1395"}],"version-history":[{"count":0,"href":"https:\/\/pb.edu.pl\/bon\/wp-json\/wp\/v2\/posts\/1395\/revisions"}],"wp:featuredmedia":[{"embeddable":true,"href":"https:\/\/pb.edu.pl\/bon\/wp-json\/wp\/v2\/media\/1396"}],"wp:attachment":[{"href":"https:\/\/pb.edu.pl\/bon\/wp-json\/wp\/v2\/media?parent=1395"}],"wp:term":[{"taxonomy":"category","embeddable":true,"href":"https:\/\/pb.edu.pl\/bon\/wp-json\/wp\/v2\/categories?post=1395"},{"taxonomy":"post_tag","embeddable":true,"href":"https:\/\/pb.edu.pl\/bon\/wp-json\/wp\/v2\/tags?post=1395"}],"curies":[{"name":"wp","href":"https:\/\/api.w.org\/{rel}","templated":true}]}}