{"id":1294,"date":"2026-04-22T13:42:04","date_gmt":"2026-04-22T11:42:04","guid":{"rendered":"https:\/\/pb.edu.pl\/auich\/?p=1294"},"modified":"2026-04-23T07:59:09","modified_gmt":"2026-04-23T05:59:09","slug":"przyjdz-11-maja-do-centrum-historii","status":"publish","type":"post","link":"https:\/\/pb.edu.pl\/auich\/2026\/04\/22\/przyjdz-11-maja-do-centrum-historii\/","title":{"rendered":"Przyjd\u017a 11 maja do Centrum Historii"},"content":{"rendered":"<p>Podlaski Festiwal Nauki i Sztuki w Centrum Historii<\/p>\n<p>22! Tak, tak, ju\u017c 22 raz bia\u0142ostockie uczelnia zapraszaj\u0105 na Podlaski Festiwal Nauki i Sztuki. Wiemy, \u017ce konkurencja jest silna, ale CHOD\u0179 DO NAS!<\/p>\n<p>W Centrum Historii Politechniki Bia\u0142ostockiej zobaczysz \u017car\u00f3wk\u0119, kt\u00f3ra ma ponad 100 lat. Dowiesz si\u0119, jak wygl\u0105da\u0142 Bia\u0142ystok ponad 75 lat temu. Porozmawiamy o tym, dlaczego powstaj\u0105 szko\u0142y in\u017cynierskie. Zastanowimy si\u0119, kim jest in\u017cynier i jaki wp\u0142yw mo\u017ce mie\u0107 na \u015bwiat.<\/p>\n<p>To co, widzimy si\u0119?<\/p>\n<p>Mo\u017cesz wybra\u0107 dogodn\u0105 dla siebie godzin\u0119 (9:30, 10:00, 10:30, 11:00, 11:30)! &nbsp;Centrum Historii mie\u015bci si\u0119 na parterze w budynku przy ul. Wiejskiej 45C (parter Wydzia\u0142u Mechanicznego, s. 135)<\/p>\n<p>A je\u015bli wn\u0119trza Centrum Historii s\u0105 ju\u017c Ci znane \u2013 we\u017a udzia\u0142 w spacerze Od mozaiki do muralu. Co mo\u017cna zobaczy\u0107 na \u015bcianach Politechniki Bia\u0142ostockiej. Ten rozpoczniemy o &nbsp;godz. 12:30 w Rektoracie.<\/p>\n<p style=\"margin-top: 0cm;background: white;margin-bottom: 1rem\"><span style=\"font-family: 'Arial',sans-serif;color: black\">Trasa: Politechnika Bia\u0142ostocka ul. Wiejska 45 A (budynek Rektoratu i WI), ul. Zwierzyniecka 10 (dawna sto\u0142\u00f3wka PB), ul. Zwierzyniecka 16 (CNK).&nbsp;<\/span><\/p>\n<p>11 maja 2026 r., poniedzia\u0142ek, Zapraszamy!<\/p>\n<p style=\"margin-top: 0cm;background: white;margin-bottom: 1rem\"><span style=\"font-family: 'Arial',sans-serif;color: black\">Zapraszamy!<\/span><\/p>\n<p><a title=\"Centrum Historii podczas XXII PFNIS\" href=\"https:\/\/podlaskifestiwal.pl\/program\/lista-imprez\/?data_imprezy=&amp;sciezka_dydaktyczna=&amp;odbiorca_imprezy=wszyscy+zainteresowani&amp;grupa_docelowa=&amp;organizator=&amp;title=centrum+historii&amp;rodzaj_imprezy=&amp;miasto_imprezy=&amp;dostepnosc_imprezy=\">https:\/\/podlaskifestiwal.pl\/program\/lista-imprez\/?data_imprezy=&amp;sciezka_dydaktyczna=&amp;odbiorca_imprezy=wszyscy+zainteresowani&amp;grupa_docelowa=&amp;organizator=&amp;title=centrum+historii&amp;rodzaj_imprezy=&amp;miasto_imprezy=&amp;dostepnosc_imprezy=<\/a><\/p>\n","protected":false},"excerpt":{"rendered":"<p>Podlaski Festiwal Nauki i Sztuki w Centrum Historii 22! Tak, tak, ju\u017c 22 raz bia\u0142ostockie<\/p>\n","protected":false},"author":82,"featured_media":1301,"comment_status":"closed","ping_status":"closed","sticky":false,"template":"","format":"standard","meta":{"_acf_changed":false,"ngg_post_thumbnail":0,"footnotes":""},"categories":[4,1],"tags":[20,22,21,19,16,12],"class_list":["post-1294","post","type-post","status-publish","format-standard","has-post-thumbnail","hentry","category-centrum","category-home","tag-centrumhistoriipb","tag-krystiansalwiczek","tag-mozaikipb","tag-pfnis","tag-studiujnapb","tag-75latpb"],"acf":[],"yoast_head":"<!-- This site is optimized with the Yoast SEO plugin v27.0 - https:\/\/yoast.com\/product\/yoast-seo-wordpress\/ -->\n<title>Przyjd\u017a 11 maja do Centrum Historii - Aktualno\u015bci Archiwum Uczelniane i Centrum Historii PB<\/title>\n<meta name=\"description\" content=\"Podlaski Festiwal Nauki i Sztuki w Centrum Historii 22! Tak, tak, ju\u017c 22 raz bia\u0142ostockie uczelnia zapraszaj\u0105 na Podlaski Festiwal Nauki i Sztuki. Wiemy,\" \/>\n<meta name=\"robots\" content=\"index, follow, max-snippet:-1, max-image-preview:large, max-video-preview:-1\" \/>\n<link rel=\"canonical\" href=\"https:\/\/pb.edu.pl\/auich\/2026\/04\/22\/przyjdz-11-maja-do-centrum-historii\/\" \/>\n<meta property=\"og:locale\" content=\"pl_PL\" \/>\n<meta property=\"og:type\" content=\"article\" \/>\n<meta property=\"og:title\" content=\"Przyjd\u017a 11 maja do Centrum Historii - Aktualno\u015bci Archiwum Uczelniane i Centrum Historii PB\" \/>\n<meta property=\"og:description\" content=\"Podlaski Festiwal Nauki i Sztuki w Centrum Historii 22! Tak, tak, ju\u017c 22 raz bia\u0142ostockie uczelnia zapraszaj\u0105 na Podlaski Festiwal Nauki i Sztuki. Wiemy,\" \/>\n<meta property=\"og:url\" content=\"https:\/\/pb.edu.pl\/auich\/2026\/04\/22\/przyjdz-11-maja-do-centrum-historii\/\" \/>\n<meta property=\"og:site_name\" content=\"Archiwum Uczelniane i Centrum Historii PB\" \/>\n<meta property=\"article:published_time\" content=\"2026-04-22T11:42:04+00:00\" \/>\n<meta property=\"article:modified_time\" content=\"2026-04-23T05:59:09+00:00\" \/>\n<meta property=\"og:image\" content=\"https:\/\/pb.edu.pl\/auich\/wp-content\/uploads\/sites\/63\/2026\/04\/centrum_zwiedzanie.jpg\" \/>\n\t<meta property=\"og:image:width\" content=\"1920\" \/>\n\t<meta property=\"og:image:height\" content=\"1080\" \/>\n\t<meta property=\"og:image:type\" content=\"image\/jpeg\" \/>\n<meta name=\"author\" content=\"ahalicka\" \/>\n<meta name=\"twitter:card\" content=\"summary_large_image\" \/>\n<meta name=\"twitter:label1\" content=\"Napisane przez\" \/>\n\t<meta name=\"twitter:data1\" content=\"ahalicka\" \/>\n\t<meta name=\"twitter:label2\" content=\"Szacowany czas czytania\" \/>\n\t<meta name=\"twitter:data2\" content=\"1 minuta\" \/>\n<script type=\"application\/ld+json\" class=\"yoast-schema-graph\">{\"@context\":\"https:\/\/schema.org\",\"@graph\":[{\"@type\":\"Article\",\"@id\":\"https:\/\/pb.edu.pl\/auich\/2026\/04\/22\/przyjdz-11-maja-do-centrum-historii\/#article\",\"isPartOf\":{\"@id\":\"https:\/\/pb.edu.pl\/auich\/2026\/04\/22\/przyjdz-11-maja-do-centrum-historii\/\"},\"author\":{\"name\":\"ahalicka\",\"@id\":\"https:\/\/pb.edu.pl\/auich\/#\/schema\/person\/5da788b099c40f50fca2aafe7a068880\"},\"headline\":\"Przyjd\u017a 11 maja do Centrum Historii\",\"datePublished\":\"2026-04-22T11:42:04+00:00\",\"dateModified\":\"2026-04-23T05:59:09+00:00\",\"mainEntityOfPage\":{\"@id\":\"https:\/\/pb.edu.pl\/auich\/2026\/04\/22\/przyjdz-11-maja-do-centrum-historii\/\"},\"wordCount\":209,\"image\":{\"@id\":\"https:\/\/pb.edu.pl\/auich\/2026\/04\/22\/przyjdz-11-maja-do-centrum-historii\/#primaryimage\"},\"thumbnailUrl\":\"https:\/\/pb.edu.pl\/auich\/wp-content\/uploads\/sites\/63\/2026\/04\/centrum_zwiedzanie.jpg\",\"keywords\":[\"#centrumhistoriipb\",\"#KrystianSalwiczek\",\"#mozaikiPB\",\"#PFNiS\",\"#studiujnaPB\",\"75latPB\"],\"articleSection\":[\"Centrum\",\"Home\"],\"inLanguage\":\"pl-PL\"},{\"@type\":\"WebPage\",\"@id\":\"https:\/\/pb.edu.pl\/auich\/2026\/04\/22\/przyjdz-11-maja-do-centrum-historii\/\",\"url\":\"https:\/\/pb.edu.pl\/auich\/2026\/04\/22\/przyjdz-11-maja-do-centrum-historii\/\",\"name\":\"Przyjd\u017a 11 maja do Centrum Historii - Aktualno\u015bci Archiwum Uczelniane i Centrum Historii PB\",\"isPartOf\":{\"@id\":\"https:\/\/pb.edu.pl\/auich\/#website\"},\"primaryImageOfPage\":{\"@id\":\"https:\/\/pb.edu.pl\/auich\/2026\/04\/22\/przyjdz-11-maja-do-centrum-historii\/#primaryimage\"},\"image\":{\"@id\":\"https:\/\/pb.edu.pl\/auich\/2026\/04\/22\/przyjdz-11-maja-do-centrum-historii\/#primaryimage\"},\"thumbnailUrl\":\"https:\/\/pb.edu.pl\/auich\/wp-content\/uploads\/sites\/63\/2026\/04\/centrum_zwiedzanie.jpg\",\"datePublished\":\"2026-04-22T11:42:04+00:00\",\"dateModified\":\"2026-04-23T05:59:09+00:00\",\"author\":{\"@id\":\"https:\/\/pb.edu.pl\/auich\/#\/schema\/person\/5da788b099c40f50fca2aafe7a068880\"},\"description\":\"Podlaski Festiwal Nauki i Sztuki w Centrum Historii 22! Tak, tak, ju\u017c 22 raz bia\u0142ostockie uczelnia zapraszaj\u0105 na Podlaski Festiwal Nauki i Sztuki. Wiemy,\",\"breadcrumb\":{\"@id\":\"https:\/\/pb.edu.pl\/auich\/2026\/04\/22\/przyjdz-11-maja-do-centrum-historii\/#breadcrumb\"},\"inLanguage\":\"pl-PL\",\"potentialAction\":[{\"@type\":\"ReadAction\",\"target\":[\"https:\/\/pb.edu.pl\/auich\/2026\/04\/22\/przyjdz-11-maja-do-centrum-historii\/\"]}]},{\"@type\":\"ImageObject\",\"inLanguage\":\"pl-PL\",\"@id\":\"https:\/\/pb.edu.pl\/auich\/2026\/04\/22\/przyjdz-11-maja-do-centrum-historii\/#primaryimage\",\"url\":\"https:\/\/pb.edu.pl\/auich\/wp-content\/uploads\/sites\/63\/2026\/04\/centrum_zwiedzanie.jpg\",\"contentUrl\":\"https:\/\/pb.edu.pl\/auich\/wp-content\/uploads\/sites\/63\/2026\/04\/centrum_zwiedzanie.jpg\",\"width\":1920,\"height\":1080,\"caption\":\"Grupa zwiedzaj\u0105cych w muzeum PB\"},{\"@type\":\"BreadcrumbList\",\"@id\":\"https:\/\/pb.edu.pl\/auich\/2026\/04\/22\/przyjdz-11-maja-do-centrum-historii\/#breadcrumb\",\"itemListElement\":[{\"@type\":\"ListItem\",\"position\":1,\"name\":\"Strona g\u0142\u00f3wna\",\"item\":\"https:\/\/pb.edu.pl\/auich\/\"},{\"@type\":\"ListItem\",\"position\":2,\"name\":\"Przyjd\u017a 11 maja do Centrum Historii\"}]},{\"@type\":\"WebSite\",\"@id\":\"https:\/\/pb.edu.pl\/auich\/#website\",\"url\":\"https:\/\/pb.edu.pl\/auich\/\",\"name\":\"Archiwum Uczelniane i Centrum Historii PB\",\"description\":\"\",\"potentialAction\":[{\"@type\":\"SearchAction\",\"target\":{\"@type\":\"EntryPoint\",\"urlTemplate\":\"https:\/\/pb.edu.pl\/auich\/?s={search_term_string}\"},\"query-input\":{\"@type\":\"PropertyValueSpecification\",\"valueRequired\":true,\"valueName\":\"search_term_string\"}}],\"inLanguage\":\"pl-PL\"},{\"@type\":\"Person\",\"@id\":\"https:\/\/pb.edu.pl\/auich\/#\/schema\/person\/5da788b099c40f50fca2aafe7a068880\",\"name\":\"ahalicka\",\"image\":{\"@type\":\"ImageObject\",\"inLanguage\":\"pl-PL\",\"@id\":\"https:\/\/pb.edu.pl\/auich\/#\/schema\/person\/image\/\",\"url\":\"https:\/\/secure.gravatar.com\/avatar\/0a897e45414ed1e0591b476ea42a16ee3d219e020c57ef0fba5f52150309c571?s=96&d=mm&r=g\",\"contentUrl\":\"https:\/\/secure.gravatar.com\/avatar\/0a897e45414ed1e0591b476ea42a16ee3d219e020c57ef0fba5f52150309c571?s=96&d=mm&r=g\",\"caption\":\"ahalicka\"},\"url\":\"https:\/\/pb.edu.pl\/auich\/author\/ahalicka\/\"}]}<\/script>\n<!-- \/ Yoast SEO plugin. -->","yoast_head_json":{"title":"Przyjd\u017a 11 maja do Centrum Historii - Aktualno\u015bci Archiwum Uczelniane i Centrum Historii PB","description":"Podlaski Festiwal Nauki i Sztuki w Centrum Historii 22! Tak, tak, ju\u017c 22 raz bia\u0142ostockie uczelnia zapraszaj\u0105 na Podlaski Festiwal Nauki i Sztuki. Wiemy,","robots":{"index":"index","follow":"follow","max-snippet":"max-snippet:-1","max-image-preview":"max-image-preview:large","max-video-preview":"max-video-preview:-1"},"canonical":"https:\/\/pb.edu.pl\/auich\/2026\/04\/22\/przyjdz-11-maja-do-centrum-historii\/","og_locale":"pl_PL","og_type":"article","og_title":"Przyjd\u017a 11 maja do Centrum Historii - Aktualno\u015bci Archiwum Uczelniane i Centrum Historii PB","og_description":"Podlaski Festiwal Nauki i Sztuki w Centrum Historii 22! Tak, tak, ju\u017c 22 raz bia\u0142ostockie uczelnia zapraszaj\u0105 na Podlaski Festiwal Nauki i Sztuki. Wiemy,","og_url":"https:\/\/pb.edu.pl\/auich\/2026\/04\/22\/przyjdz-11-maja-do-centrum-historii\/","og_site_name":"Archiwum Uczelniane i Centrum Historii PB","article_published_time":"2026-04-22T11:42:04+00:00","article_modified_time":"2026-04-23T05:59:09+00:00","og_image":[{"width":1920,"height":1080,"url":"https:\/\/pb.edu.pl\/auich\/wp-content\/uploads\/sites\/63\/2026\/04\/centrum_zwiedzanie.jpg","type":"image\/jpeg"}],"author":"ahalicka","twitter_card":"summary_large_image","twitter_misc":{"Napisane przez":"ahalicka","Szacowany czas czytania":"1 minuta"},"schema":{"@context":"https:\/\/schema.org","@graph":[{"@type":"Article","@id":"https:\/\/pb.edu.pl\/auich\/2026\/04\/22\/przyjdz-11-maja-do-centrum-historii\/#article","isPartOf":{"@id":"https:\/\/pb.edu.pl\/auich\/2026\/04\/22\/przyjdz-11-maja-do-centrum-historii\/"},"author":{"name":"ahalicka","@id":"https:\/\/pb.edu.pl\/auich\/#\/schema\/person\/5da788b099c40f50fca2aafe7a068880"},"headline":"Przyjd\u017a 11 maja do Centrum Historii","datePublished":"2026-04-22T11:42:04+00:00","dateModified":"2026-04-23T05:59:09+00:00","mainEntityOfPage":{"@id":"https:\/\/pb.edu.pl\/auich\/2026\/04\/22\/przyjdz-11-maja-do-centrum-historii\/"},"wordCount":209,"image":{"@id":"https:\/\/pb.edu.pl\/auich\/2026\/04\/22\/przyjdz-11-maja-do-centrum-historii\/#primaryimage"},"thumbnailUrl":"https:\/\/pb.edu.pl\/auich\/wp-content\/uploads\/sites\/63\/2026\/04\/centrum_zwiedzanie.jpg","keywords":["#centrumhistoriipb","#KrystianSalwiczek","#mozaikiPB","#PFNiS","#studiujnaPB","75latPB"],"articleSection":["Centrum","Home"],"inLanguage":"pl-PL"},{"@type":"WebPage","@id":"https:\/\/pb.edu.pl\/auich\/2026\/04\/22\/przyjdz-11-maja-do-centrum-historii\/","url":"https:\/\/pb.edu.pl\/auich\/2026\/04\/22\/przyjdz-11-maja-do-centrum-historii\/","name":"Przyjd\u017a 11 maja do Centrum Historii - Aktualno\u015bci Archiwum Uczelniane i Centrum Historii PB","isPartOf":{"@id":"https:\/\/pb.edu.pl\/auich\/#website"},"primaryImageOfPage":{"@id":"https:\/\/pb.edu.pl\/auich\/2026\/04\/22\/przyjdz-11-maja-do-centrum-historii\/#primaryimage"},"image":{"@id":"https:\/\/pb.edu.pl\/auich\/2026\/04\/22\/przyjdz-11-maja-do-centrum-historii\/#primaryimage"},"thumbnailUrl":"https:\/\/pb.edu.pl\/auich\/wp-content\/uploads\/sites\/63\/2026\/04\/centrum_zwiedzanie.jpg","datePublished":"2026-04-22T11:42:04+00:00","dateModified":"2026-04-23T05:59:09+00:00","author":{"@id":"https:\/\/pb.edu.pl\/auich\/#\/schema\/person\/5da788b099c40f50fca2aafe7a068880"},"description":"Podlaski Festiwal Nauki i Sztuki w Centrum Historii 22! Tak, tak, ju\u017c 22 raz bia\u0142ostockie uczelnia zapraszaj\u0105 na Podlaski Festiwal Nauki i Sztuki. Wiemy,","breadcrumb":{"@id":"https:\/\/pb.edu.pl\/auich\/2026\/04\/22\/przyjdz-11-maja-do-centrum-historii\/#breadcrumb"},"inLanguage":"pl-PL","potentialAction":[{"@type":"ReadAction","target":["https:\/\/pb.edu.pl\/auich\/2026\/04\/22\/przyjdz-11-maja-do-centrum-historii\/"]}]},{"@type":"ImageObject","inLanguage":"pl-PL","@id":"https:\/\/pb.edu.pl\/auich\/2026\/04\/22\/przyjdz-11-maja-do-centrum-historii\/#primaryimage","url":"https:\/\/pb.edu.pl\/auich\/wp-content\/uploads\/sites\/63\/2026\/04\/centrum_zwiedzanie.jpg","contentUrl":"https:\/\/pb.edu.pl\/auich\/wp-content\/uploads\/sites\/63\/2026\/04\/centrum_zwiedzanie.jpg","width":1920,"height":1080,"caption":"Grupa zwiedzaj\u0105cych w muzeum PB"},{"@type":"BreadcrumbList","@id":"https:\/\/pb.edu.pl\/auich\/2026\/04\/22\/przyjdz-11-maja-do-centrum-historii\/#breadcrumb","itemListElement":[{"@type":"ListItem","position":1,"name":"Strona g\u0142\u00f3wna","item":"https:\/\/pb.edu.pl\/auich\/"},{"@type":"ListItem","position":2,"name":"Przyjd\u017a 11 maja do Centrum Historii"}]},{"@type":"WebSite","@id":"https:\/\/pb.edu.pl\/auich\/#website","url":"https:\/\/pb.edu.pl\/auich\/","name":"Archiwum Uczelniane i Centrum Historii PB","description":"","potentialAction":[{"@type":"SearchAction","target":{"@type":"EntryPoint","urlTemplate":"https:\/\/pb.edu.pl\/auich\/?s={search_term_string}"},"query-input":{"@type":"PropertyValueSpecification","valueRequired":true,"valueName":"search_term_string"}}],"inLanguage":"pl-PL"},{"@type":"Person","@id":"https:\/\/pb.edu.pl\/auich\/#\/schema\/person\/5da788b099c40f50fca2aafe7a068880","name":"ahalicka","image":{"@type":"ImageObject","inLanguage":"pl-PL","@id":"https:\/\/pb.edu.pl\/auich\/#\/schema\/person\/image\/","url":"https:\/\/secure.gravatar.com\/avatar\/0a897e45414ed1e0591b476ea42a16ee3d219e020c57ef0fba5f52150309c571?s=96&d=mm&r=g","contentUrl":"https:\/\/secure.gravatar.com\/avatar\/0a897e45414ed1e0591b476ea42a16ee3d219e020c57ef0fba5f52150309c571?s=96&d=mm&r=g","caption":"ahalicka"},"url":"https:\/\/pb.edu.pl\/auich\/author\/ahalicka\/"}]}},"_links":{"self":[{"href":"https:\/\/pb.edu.pl\/auich\/wp-json\/wp\/v2\/posts\/1294","targetHints":{"allow":["GET"]}}],"collection":[{"href":"https:\/\/pb.edu.pl\/auich\/wp-json\/wp\/v2\/posts"}],"about":[{"href":"https:\/\/pb.edu.pl\/auich\/wp-json\/wp\/v2\/types\/post"}],"author":[{"embeddable":true,"href":"https:\/\/pb.edu.pl\/auich\/wp-json\/wp\/v2\/users\/82"}],"replies":[{"embeddable":true,"href":"https:\/\/pb.edu.pl\/auich\/wp-json\/wp\/v2\/comments?post=1294"}],"version-history":[{"count":4,"href":"https:\/\/pb.edu.pl\/auich\/wp-json\/wp\/v2\/posts\/1294\/revisions"}],"predecessor-version":[{"id":1302,"href":"https:\/\/pb.edu.pl\/auich\/wp-json\/wp\/v2\/posts\/1294\/revisions\/1302"}],"wp:featuredmedia":[{"embeddable":true,"href":"https:\/\/pb.edu.pl\/auich\/wp-json\/wp\/v2\/media\/1301"}],"wp:attachment":[{"href":"https:\/\/pb.edu.pl\/auich\/wp-json\/wp\/v2\/media?parent=1294"}],"wp:term":[{"taxonomy":"category","embeddable":true,"href":"https:\/\/pb.edu.pl\/auich\/wp-json\/wp\/v2\/categories?post=1294"},{"taxonomy":"post_tag","embeddable":true,"href":"https:\/\/pb.edu.pl\/auich\/wp-json\/wp\/v2\/tags?post=1294"}],"curies":[{"name":"wp","href":"https:\/\/api.w.org\/{rel}","templated":true}]}}