{"id":1502,"date":"2026-04-24T22:35:42","date_gmt":"2026-04-24T20:35:42","guid":{"rendered":"https:\/\/pb.edu.pl\/across\/?p=1502"},"modified":"2026-04-24T22:36:45","modified_gmt":"2026-04-24T20:36:45","slug":"miedzynarodowa-szkola-wodna-aquacross-2026","status":"publish","type":"post","link":"https:\/\/pb.edu.pl\/across\/miedzynarodowa-szkola-wodna-aquacross-2026\/","title":{"rendered":"Mi\u0119dzynarodowa Szko\u0142a Wodna AquAcross 2026"},"content":{"rendered":"<p><a href=\"https:\/\/pb.edu.pl\/across\/wp-content\/uploads\/sites\/147\/2026\/04\/Perignan-Summer-School.jpg\"><img loading=\"lazy\" decoding=\"async\" class=\"alignleft wp-image-1503\" src=\"https:\/\/pb.edu.pl\/across\/wp-content\/uploads\/sites\/147\/2026\/04\/Perignan-Summer-School.jpg\" alt=\"Grafika promuj\u0105ca Szko\u0142a Wodna AquAcross 2026\" width=\"400\" height=\"565\" srcset=\"https:\/\/pb.edu.pl\/across\/wp-content\/uploads\/sites\/147\/2026\/04\/Perignan-Summer-School.jpg 800w, https:\/\/pb.edu.pl\/across\/wp-content\/uploads\/sites\/147\/2026\/04\/Perignan-Summer-School-212x300.jpg 212w, https:\/\/pb.edu.pl\/across\/wp-content\/uploads\/sites\/147\/2026\/04\/Perignan-Summer-School-724x1024.jpg 724w, https:\/\/pb.edu.pl\/across\/wp-content\/uploads\/sites\/147\/2026\/04\/Perignan-Summer-School-768x1086.jpg 768w\" sizes=\"auto, (max-width: 400px) 100vw, 400px\" \/><\/a>Mi\u0119dzynarodowa Szko\u0142a Wodna AquAcross 2026 jest organizowana przez Uniwersytet Perpignan Via Domitia (UPVD) w ramach projektu \u201eAcross\u201d \u2013 europejskiego uniwersytetu na rzecz transgranicznej wymiany wiedzy.<\/p>\n<p>Szko\u0142a letnia AquAcross <strong>odb\u0119dzie si\u0119 od poniedzia\u0142ku 8 czerwca do pi\u0105tku 26 czerwca<\/strong> w Perpignan i jego nadmorskich okolicach i pozwoli studentom z ca\u0142ego \u015bwiata zag\u0142\u0119bi\u0107 si\u0119 w nauki o wodzie. B\u0119dzie podzielona na trzy tygodnie tematyczne, z kt\u00f3rych ka\u017cdy jest organizowany przez innego profesora z UPVD.<\/p>\n<p>Wymagania wst\u0119pne: Nie ma \u017cadnych \u015bcis\u0142ych wymaga\u0144 wst\u0119pnych. Studenci powinni jednak posiada\u0107: wiedz\u0119 z zakresu ekologii wodnej, zmian klimatycznych oraz r\u00f3\u017cnorodno\u015bci biologicznej \u015brodowisk morskich i s\u0142odkowodnych oraz posiada\u0107 do\u015bwiadczenie terenowe w \u015brodowisku morskim (np. nurkowanie, monitorowanie).<\/p>\n<p>Wi\u0119cej informacji na stronie <a href=\"https:\/\/www.across-alliance.eu\/the-aquacross-aquatic-international-school-2026\/\">Across<\/a>&nbsp; oraz <a href=\"https:\/\/www.linkedin.com\/company\/across-alliance\/posts\/?feedView=all\">Linedin<\/a><\/p>\n","protected":false},"excerpt":{"rendered":"<p>Mi\u0119dzynarodowa Szko\u0142a Wodna AquAcross 2026 jest organizowana przez Uniwersytet Perpignan Via Domitia (UPVD) w ramach projektu \u201eAcross\u201d \u2013 europejskiego uniwersytetu na rzecz transgranicznej wymiany wiedzy.<\/p>\n","protected":false},"author":2,"featured_media":1503,"comment_status":"closed","ping_status":"closed","sticky":false,"template":"","format":"standard","meta":{"_acf_changed":false,"ngg_post_thumbnail":0,"footnotes":""},"categories":[1],"tags":[],"class_list":["post-1502","post","type-post","status-publish","format-standard","has-post-thumbnail","hentry","category-bez-kategorii"],"acf":[],"_links":{"self":[{"href":"https:\/\/pb.edu.pl\/across\/wp-json\/wp\/v2\/posts\/1502","targetHints":{"allow":["GET"]}}],"collection":[{"href":"https:\/\/pb.edu.pl\/across\/wp-json\/wp\/v2\/posts"}],"about":[{"href":"https:\/\/pb.edu.pl\/across\/wp-json\/wp\/v2\/types\/post"}],"author":[{"embeddable":true,"href":"https:\/\/pb.edu.pl\/across\/wp-json\/wp\/v2\/users\/2"}],"replies":[{"embeddable":true,"href":"https:\/\/pb.edu.pl\/across\/wp-json\/wp\/v2\/comments?post=1502"}],"version-history":[{"count":3,"href":"https:\/\/pb.edu.pl\/across\/wp-json\/wp\/v2\/posts\/1502\/revisions"}],"predecessor-version":[{"id":1506,"href":"https:\/\/pb.edu.pl\/across\/wp-json\/wp\/v2\/posts\/1502\/revisions\/1506"}],"wp:featuredmedia":[{"embeddable":true,"href":"https:\/\/pb.edu.pl\/across\/wp-json\/wp\/v2\/media\/1503"}],"wp:attachment":[{"href":"https:\/\/pb.edu.pl\/across\/wp-json\/wp\/v2\/media?parent=1502"}],"wp:term":[{"taxonomy":"category","embeddable":true,"href":"https:\/\/pb.edu.pl\/across\/wp-json\/wp\/v2\/categories?post=1502"},{"taxonomy":"post_tag","embeddable":true,"href":"https:\/\/pb.edu.pl\/across\/wp-json\/wp\/v2\/tags?post=1502"}],"curies":[{"name":"wp","href":"https:\/\/api.w.org\/{rel}","templated":true}]}}