{"id":1499,"date":"2026-04-24T22:29:52","date_gmt":"2026-04-24T20:29:52","guid":{"rendered":"https:\/\/pb.edu.pl\/across\/?p=1499"},"modified":"2026-04-24T22:29:52","modified_gmt":"2026-04-24T20:29:52","slug":"iii-konferencja-uniwersytetow-europejskich-wez-udzial","status":"publish","type":"post","link":"https:\/\/pb.edu.pl\/across\/iii-konferencja-uniwersytetow-europejskich-wez-udzial\/","title":{"rendered":"III Konferencja Uniwersytet\u00f3w Europejskich: we\u017a udzia\u0142!"},"content":{"rendered":"<script> window.location.href=\"https:\/\/erasmusplus.org.pl\/aktualnosci\/iii-konferencja-uniwersytetow-europejskich-wez-udzial\";<\/script>\n","protected":false},"excerpt":{"rendered":"<p>\u201eKszta\u0142towanie przysz\u0142o\u015bci Uniwersytet\u00f3w Europejskich \u2013 integracja wiedzy, potencja\u0142u i kompetencji\u201d &#8211; konferencja odb\u0119dzie si\u0119 20 maja 2026 r. w Poznaniu<\/p>\n","protected":false},"author":2,"featured_media":1500,"comment_status":"closed","ping_status":"closed","sticky":false,"template":"","format":"standard","meta":{"_acf_changed":false,"ngg_post_thumbnail":0,"footnotes":""},"categories":[1],"tags":[],"class_list":["post-1499","post","type-post","status-publish","format-standard","has-post-thumbnail","hentry","category-bez-kategorii"],"acf":[],"_links":{"self":[{"href":"https:\/\/pb.edu.pl\/across\/wp-json\/wp\/v2\/posts\/1499","targetHints":{"allow":["GET"]}}],"collection":[{"href":"https:\/\/pb.edu.pl\/across\/wp-json\/wp\/v2\/posts"}],"about":[{"href":"https:\/\/pb.edu.pl\/across\/wp-json\/wp\/v2\/types\/post"}],"author":[{"embeddable":true,"href":"https:\/\/pb.edu.pl\/across\/wp-json\/wp\/v2\/users\/2"}],"replies":[{"embeddable":true,"href":"https:\/\/pb.edu.pl\/across\/wp-json\/wp\/v2\/comments?post=1499"}],"version-history":[{"count":1,"href":"https:\/\/pb.edu.pl\/across\/wp-json\/wp\/v2\/posts\/1499\/revisions"}],"predecessor-version":[{"id":1501,"href":"https:\/\/pb.edu.pl\/across\/wp-json\/wp\/v2\/posts\/1499\/revisions\/1501"}],"wp:featuredmedia":[{"embeddable":true,"href":"https:\/\/pb.edu.pl\/across\/wp-json\/wp\/v2\/media\/1500"}],"wp:attachment":[{"href":"https:\/\/pb.edu.pl\/across\/wp-json\/wp\/v2\/media?parent=1499"}],"wp:term":[{"taxonomy":"category","embeddable":true,"href":"https:\/\/pb.edu.pl\/across\/wp-json\/wp\/v2\/categories?post=1499"},{"taxonomy":"post_tag","embeddable":true,"href":"https:\/\/pb.edu.pl\/across\/wp-json\/wp\/v2\/tags?post=1499"}],"curies":[{"name":"wp","href":"https:\/\/api.w.org\/{rel}","templated":true}]}}